{"id":9383,"date":"2016-05-11T14:15:42","date_gmt":"2016-05-11T13:15:42","guid":{"rendered":"http:\/\/www.cykloklubpodbiel.sk\/?p=9383"},"modified":"2016-05-11T14:15:42","modified_gmt":"2016-05-11T13:15:42","slug":"sportovo-relaxacna-zona-podbiel","status":"publish","type":"post","link":"https:\/\/www.cykloklubpodbiel.sk\/?p=9383","title":{"rendered":"\u0160portovo relaxa\u010dn\u00e1 z\u00f3na Podbiel"},"content":{"rendered":"<p>&nbsp;<\/p>\n<div id=\"attachment_9385\" style=\"width: 310px\" class=\"wp-caption alignleft\"><a href=\"http:\/\/www.cykloklubpodbiel.sk\/wp-content\/uploads\/2016\/05\/DSC01811.jpg\"><img aria-describedby=\"caption-attachment-9385\" loading=\"lazy\" class=\"size-medium wp-image-9385\" src=\"http:\/\/www.cykloklubpodbiel.sk\/wp-content\/uploads\/2016\/05\/DSC01811-300x200.jpg\" alt=\"Hlavn\u00fd organiz\u00e1tor\" width=\"300\" height=\"200\" srcset=\"https:\/\/www.cykloklubpodbiel.sk\/wp-content\/uploads\/2016\/05\/DSC01811-300x200.jpg 300w, https:\/\/www.cykloklubpodbiel.sk\/wp-content\/uploads\/2016\/05\/DSC01811-1024x682.jpg 1024w, https:\/\/www.cykloklubpodbiel.sk\/wp-content\/uploads\/2016\/05\/DSC01811.jpg 1290w\" sizes=\"(max-width: 300px) 100vw, 300px\" \/><\/a><p id=\"caption-attachment-9385\" class=\"wp-caption-text\">Hlavn\u00fd organiz\u00e1tor<\/p><\/div>\n<p style=\"text-align: justify;\"><span style=\"color: #000000;\"><strong>Cykloturistick\u00fd klub Podbiel s finan\u010dnou podporou, ktor\u00fa sme dostali z nad\u00e1cie \u010cSOB v zamestnaneckom grantovom programe \u201eZdravie a zdrav\u00fd \u017eivotn\u00fd \u0161t\u00fdl\u201c v spolupr\u00e1ci so zamestnanky\u0148ou \u010cSOB, Mgr. Jankou Pakosovou sa za\u010diatkom roka pustil do realiz\u00e1cie projektu s n\u00e1zvom \u201e\u0160portovo relaxa\u010dn\u00e1 z\u00f3na Podbiel\u201c.\u00a0<\/strong>Hlavn\u00fdm cie\u013eom vybudovania \u0161portovo \u2013 relaxa\u010dnej z\u00f3ny v Podbieli je zapoji\u0165 do \u0161portov\u00fdch a relaxa\u010dn\u00fdch \u010dinnost\u00ed \u010do najviac na\u0161ich spoluob\u010danov &#8211; deti, ml\u00e1de\u017e, seniorov i zdravotne postihnut\u00fdch&#8230;<\/span><a class=\"aligncenter\" title=\"\u0160portovo relaxa\u010dn\u00e1 z\u00f3na\" href=\"http:\/\/www.cykloklubpodbiel.sk\/?page_id=9401\" target=\"_blank\">&#8230;cel\u00fd \u010dl\u00e1nok<\/a><\/p>\n","protected":false},"excerpt":{"rendered":"<p>&nbsp; Cykloturistick\u00fd klub Podbiel s finan\u010dnou podporou, ktor\u00fa sme dostali z nad\u00e1cie \u010cSOB v zamestnaneckom grantovom programe \u201eZdravie a zdrav\u00fd \u017eivotn\u00fd \u0161t\u00fdl\u201c v spolupr\u00e1ci so zamestnanky\u0148ou \u010cSOB, Mgr. Jankou Pakosovou sa za\u010diatkom roka pustil do realiz\u00e1cie projektu s n\u00e1zvom \u201e\u0160portovo relaxa\u010dn\u00e1 z\u00f3na Podbiel\u201c.\u00a0Hlavn\u00fdm cie\u013eom vybudovania \u0161portovo \u2013 relaxa\u010dnej z\u00f3ny v Podbieli je zapoji\u0165 do \u0161portov\u00fdch [&hellip;]<\/p>\n","protected":false},"author":53,"featured_media":0,"comment_status":"open","ping_status":"open","sticky":false,"template":"","format":"standard","meta":{"advgb_blocks_editor_width":"","advgb_blocks_columns_visual_guide":"","ngg_post_thumbnail":0},"categories":[1],"tags":[],"author_meta":{"display_name":"Lubka","author_link":"https:\/\/www.cykloklubpodbiel.sk\/?author=53"},"featured_img":null,"coauthors":[],"tax_additional":{"categories":{"linked":["<a href=\"https:\/\/www.cykloklubpodbiel.sk\/?cat=1\" class=\"advgb-post-tax-term\">Arch\u00edv<\/a>"],"unlinked":["<span class=\"advgb-post-tax-term\">Arch\u00edv<\/span>"]}},"comment_count":"0","relative_dates":{"created":"Posted 10 years ago","modified":"Updated 10 years ago"},"absolute_dates":{"created":"Posted on 11. M\u00e1j 2016","modified":"Updated on 11. M\u00e1j 2016"},"absolute_dates_time":{"created":"Posted on 11. M\u00e1j 2016 14:15","modified":"Updated on 11. M\u00e1j 2016 14:15"},"featured_img_caption":"","series_order":"","_links":{"self":[{"href":"https:\/\/www.cykloklubpodbiel.sk\/index.php?rest_route=\/wp\/v2\/posts\/9383"}],"collection":[{"href":"https:\/\/www.cykloklubpodbiel.sk\/index.php?rest_route=\/wp\/v2\/posts"}],"about":[{"href":"https:\/\/www.cykloklubpodbiel.sk\/index.php?rest_route=\/wp\/v2\/types\/post"}],"author":[{"embeddable":true,"href":"https:\/\/www.cykloklubpodbiel.sk\/index.php?rest_route=\/wp\/v2\/users\/53"}],"replies":[{"embeddable":true,"href":"https:\/\/www.cykloklubpodbiel.sk\/index.php?rest_route=%2Fwp%2Fv2%2Fcomments&post=9383"}],"version-history":[{"count":16,"href":"https:\/\/www.cykloklubpodbiel.sk\/index.php?rest_route=\/wp\/v2\/posts\/9383\/revisions"}],"predecessor-version":[{"id":9583,"href":"https:\/\/www.cykloklubpodbiel.sk\/index.php?rest_route=\/wp\/v2\/posts\/9383\/revisions\/9583"}],"wp:attachment":[{"href":"https:\/\/www.cykloklubpodbiel.sk\/index.php?rest_route=%2Fwp%2Fv2%2Fmedia&parent=9383"}],"wp:term":[{"taxonomy":"category","embeddable":true,"href":"https:\/\/www.cykloklubpodbiel.sk\/index.php?rest_route=%2Fwp%2Fv2%2Fcategories&post=9383"},{"taxonomy":"post_tag","embeddable":true,"href":"https:\/\/www.cykloklubpodbiel.sk\/index.php?rest_route=%2Fwp%2Fv2%2Ftags&post=9383"}],"curies":[{"name":"wp","href":"https:\/\/api.w.org\/{rel}","templated":true}]}}