{"id":934,"date":"2010-08-05T20:31:10","date_gmt":"2010-08-05T19:31:10","guid":{"rendered":"http:\/\/www.cykloklubpodbiel.sk\/?p=934"},"modified":"2010-08-07T20:34:18","modified_gmt":"2010-08-07T19:34:18","slug":"cyklotura-kalameny","status":"publish","type":"post","link":"https:\/\/www.cykloklubpodbiel.sk\/?p=934","title":{"rendered":"cyklot\u00fara Kalameny"},"content":{"rendered":"<div class=\"mceTemp\">\n<div class=\"mceTemp\"><span style=\"font-size: x-small;\"> <\/span><\/div>\n<div id=\"attachment_199\" style=\"width: 309px\" class=\"wp-caption alignleft\"><a href=\"http:\/\/www.cykloklubpodbiel.sk\/wp-content\/uploads\/2010\/08\/kalameny4.jpg\"><strong><img aria-describedby=\"caption-attachment-199\" loading=\"lazy\" class=\"size-medium wp-image-150\" title=\"Foto po zdolan\u00ed Hrubej kopy\" src=\"http:\/\/www.cykloklubpodbiel.sk\/wp-content\/uploads\/2010\/08\/t_kalameny4.jpg\" alt=\"Foto po zdolan\u00ed Hrubej kopy\" width=\"299\" height=\"199\" \/><\/strong><\/a><p id=\"caption-attachment-199\" class=\"wp-caption-text\">Foto po zdolan\u00ed Hrubej kopy<\/p><\/div>\n<p style=\"text-align: justify;\"><span style=\"color: #000000;\"><strong>V<\/strong> <span style=\"color: #000000;\">nede\u013eu<\/span><\/span><span style=\"color: #ff0000;\"> <strong>1.augusta   2010<\/strong><\/span> <span style=\"color: #000000;\">n\u00e1s \u010dakala ve\u013emi \u010dlenit\u00e1 a dos\u0165 n\u00e1ro\u010dn\u00e1 trasa, ale spojen\u00e1 s pr\u00edjemn\u00fdm osvie\u017een\u00edm, k\u00fapan\u00edm sa v term\u00e1lnej vode v Kalamenoch. R\u00e1no sme vy\u0161tartovali 15 \u010dlenovia na tra\u0165 Podbiel &#8211; Chlebnice &#8211; Malatin\u00e1 &#8211; Kalameny &#8211; Be\u0161e\u0148ov\u00e1 &#8211; Kva\u010dany &#8211; Huty &#8211; Zuberec &#8211; Podbiel v d\u013a\u017eke 83 km. Po \u00favodn\u00fdch nieko\u013ek\u00fdch kilometroch po asfaltovej ceste n\u00e1s za Chlebnicami \u010dakalo n\u00e1ro\u010dn\u00e9 st\u00fapanie po po\u013enej kamenistej ceste. Slnko, teplo\u00a0 a taktie\u017e blato a voda, ktor\u00fa tu zanechala v\u010deraj\u0161ia b\u00farka, e\u0161te zvy\u0161ovalo n\u00e1ro\u010dnos\u0165 tohoto nekone\u010dn\u00e9ho kopca. No po zdolan\u00ed<\/span><span style=\"color: #000000;\"><span style=\"color: #000000;\">&#8230;<\/span><br \/>\n<\/span><\/p>\n<p style=\"text-align: justify;\"><a class=\"aligncenter\" title=\"banikov\" href=\"http:\/\/www.cykloklubpodbiel.sk\/?page_id=936\" target=\"_blank\">&#8230;cel\u00fd \u010dl\u00e1nok <\/a><\/p>\n<\/div>\n","protected":false},"excerpt":{"rendered":"<p>V nede\u013eu 1.augusta 2010 n\u00e1s \u010dakala ve\u013emi \u010dlenit\u00e1 a dos\u0165 n\u00e1ro\u010dn\u00e1 trasa, ale spojen\u00e1 s pr\u00edjemn\u00fdm osvie\u017een\u00edm, k\u00fapan\u00edm sa v term\u00e1lnej vode v Kalamenoch. R\u00e1no sme vy\u0161tartovali 15 \u010dlenovia na tra\u0165 Podbiel &#8211; Chlebnice &#8211; Malatin\u00e1 &#8211; Kalameny &#8211; Be\u0161e\u0148ov\u00e1 &#8211; Kva\u010dany &#8211; Huty &#8211; Zuberec &#8211; Podbiel v d\u013a\u017eke 83 km. Po \u00favodn\u00fdch nieko\u013ek\u00fdch [&hellip;]<\/p>\n","protected":false},"author":1,"featured_media":0,"comment_status":"open","ping_status":"open","sticky":false,"template":"","format":"standard","meta":{"advgb_blocks_editor_width":"","advgb_blocks_columns_visual_guide":"","ngg_post_thumbnail":0},"categories":[1],"tags":[],"author_meta":{"display_name":"\u013dubom\u00edr Franko","author_link":"https:\/\/www.cykloklubpodbiel.sk\/?author=1"},"featured_img":null,"coauthors":[],"tax_additional":{"categories":{"linked":["<a href=\"https:\/\/www.cykloklubpodbiel.sk\/?cat=1\" class=\"advgb-post-tax-term\">Arch\u00edv<\/a>"],"unlinked":["<span class=\"advgb-post-tax-term\">Arch\u00edv<\/span>"]}},"comment_count":"0","relative_dates":{"created":"Posted 16 years ago","modified":"Updated 16 years ago"},"absolute_dates":{"created":"Posted on 5. August 2010","modified":"Updated on 7. August 2010"},"absolute_dates_time":{"created":"Posted on 5. August 2010 20:31","modified":"Updated on 7. August 2010 20:34"},"featured_img_caption":"","series_order":"","_links":{"self":[{"href":"https:\/\/www.cykloklubpodbiel.sk\/index.php?rest_route=\/wp\/v2\/posts\/934"}],"collection":[{"href":"https:\/\/www.cykloklubpodbiel.sk\/index.php?rest_route=\/wp\/v2\/posts"}],"about":[{"href":"https:\/\/www.cykloklubpodbiel.sk\/index.php?rest_route=\/wp\/v2\/types\/post"}],"author":[{"embeddable":true,"href":"https:\/\/www.cykloklubpodbiel.sk\/index.php?rest_route=\/wp\/v2\/users\/1"}],"replies":[{"embeddable":true,"href":"https:\/\/www.cykloklubpodbiel.sk\/index.php?rest_route=%2Fwp%2Fv2%2Fcomments&post=934"}],"version-history":[{"count":6,"href":"https:\/\/www.cykloklubpodbiel.sk\/index.php?rest_route=\/wp\/v2\/posts\/934\/revisions"}],"predecessor-version":[{"id":965,"href":"https:\/\/www.cykloklubpodbiel.sk\/index.php?rest_route=\/wp\/v2\/posts\/934\/revisions\/965"}],"wp:attachment":[{"href":"https:\/\/www.cykloklubpodbiel.sk\/index.php?rest_route=%2Fwp%2Fv2%2Fmedia&parent=934"}],"wp:term":[{"taxonomy":"category","embeddable":true,"href":"https:\/\/www.cykloklubpodbiel.sk\/index.php?rest_route=%2Fwp%2Fv2%2Fcategories&post=934"},{"taxonomy":"post_tag","embeddable":true,"href":"https:\/\/www.cykloklubpodbiel.sk\/index.php?rest_route=%2Fwp%2Fv2%2Ftags&post=934"}],"curies":[{"name":"wp","href":"https:\/\/api.w.org\/{rel}","templated":true}]}}