{"id":9272,"date":"2016-05-01T18:24:32","date_gmt":"2016-05-01T17:24:32","guid":{"rendered":"http:\/\/www.cykloklubpodbiel.sk\/?p=9272"},"modified":"2016-05-01T21:28:46","modified_gmt":"2016-05-01T20:28:46","slug":"ostrazica-cervena-skala","status":"publish","type":"post","link":"https:\/\/www.cykloklubpodbiel.sk\/?p=9272","title":{"rendered":"Ostra\u017eica-\u010cerven\u00e1 skala"},"content":{"rendered":"<p><a href=\"http:\/\/www.cykloklubpodbiel.sk\/wp-content\/uploads\/2016\/05\/Dru\u017en\u00e9-posedenie.jpg\"><img loading=\"lazy\" class=\" size-medium wp-image-9273 alignleft\" src=\"http:\/\/www.cykloklubpodbiel.sk\/wp-content\/uploads\/2016\/05\/Dru\u017en\u00e9-posedenie-300x200.jpg\" alt=\"Dru\u017en\u00e9 posedenie\" width=\"300\" height=\"200\" srcset=\"https:\/\/www.cykloklubpodbiel.sk\/wp-content\/uploads\/2016\/05\/Dru\u017en\u00e9-posedenie-300x200.jpg 300w, https:\/\/www.cykloklubpodbiel.sk\/wp-content\/uploads\/2016\/05\/Dru\u017en\u00e9-posedenie-1024x682.jpg 1024w, https:\/\/www.cykloklubpodbiel.sk\/wp-content\/uploads\/2016\/05\/Dru\u017en\u00e9-posedenie.jpg 1290w\" sizes=\"(max-width: 300px) 100vw, 300px\" \/><\/a>D\u0148a\u00a0<span style=\"color: #ff0000;\"><strong>1.m\u00e1ja 2016 \u00a0<\/strong><\/span>sme od\u0161tartovali jeden\u00e1s\u0165 kilometrov\u00fa t\u00faru na Ostra\u017eicu a \u010cerven\u00fa skalu. I\u0161li sme po cyklotrase cez studensk\u00fa lavi\u010dku, smerom na Ni\u017en\u00fa po hr\u00e1dzi okolo Oravy. Zastavili sme sa pri Milo\u0161ovi, ktor\u00fd n\u00e1s pon\u00fakol chutnou klob\u00e1sou a hriatym. Po kr\u00e1tkej prest\u00e1vke cez Milo\u0161ove humno sme sa miernym st\u00fapan\u00edm dostali na vrchol Ostra\u017eice. Bolo slne\u010dn\u00e9 po\u010dasie a tak sme si dovolili urobi\u0165 dlh\u00fa prest\u00e1vku a nad\u00fdcha\u0165 sa jarn\u00e9ho svie\u017eeho vzduchu.\u00a0V\u00fdh\u013eady boli kr\u00e1sne a\u00a0dalo sa na \u010do pozera\u0165.<\/p>\n<p style=\"text-align: justify;\"><a class=\"a ligncenter\" title=\"Ostra\u017eica \u010derven\u00e1 skala\" href=\"http:\/\/www.cykloklubpodbiel.sk\/?page_id=9275\">&#8230;cel\u00fd \u010dl\u00e1nok<\/a><\/p>\n","protected":false},"excerpt":{"rendered":"<p>D\u0148a\u00a01.m\u00e1ja 2016 \u00a0sme od\u0161tartovali jeden\u00e1s\u0165 kilometrov\u00fa t\u00faru na Ostra\u017eicu a \u010cerven\u00fa skalu. I\u0161li sme po cyklotrase cez studensk\u00fa lavi\u010dku, smerom na Ni\u017en\u00fa po hr\u00e1dzi okolo Oravy. Zastavili sme sa pri Milo\u0161ovi, ktor\u00fd n\u00e1s pon\u00fakol chutnou klob\u00e1sou a hriatym. Po kr\u00e1tkej prest\u00e1vke cez Milo\u0161ove humno sme sa miernym st\u00fapan\u00edm dostali na vrchol Ostra\u017eice. Bolo slne\u010dn\u00e9 po\u010dasie [&hellip;]<\/p>\n","protected":false},"author":53,"featured_media":0,"comment_status":"open","ping_status":"open","sticky":false,"template":"","format":"standard","meta":{"advgb_blocks_editor_width":"","advgb_blocks_columns_visual_guide":"","ngg_post_thumbnail":0},"categories":[1],"tags":[],"author_meta":{"display_name":"Lubka","author_link":"https:\/\/www.cykloklubpodbiel.sk\/?author=53"},"featured_img":null,"coauthors":[],"tax_additional":{"categories":{"linked":["<a href=\"https:\/\/www.cykloklubpodbiel.sk\/?cat=1\" class=\"advgb-post-tax-term\">Arch\u00edv<\/a>"],"unlinked":["<span class=\"advgb-post-tax-term\">Arch\u00edv<\/span>"]}},"comment_count":"0","relative_dates":{"created":"Posted 10 years ago","modified":"Updated 10 years ago"},"absolute_dates":{"created":"Posted on 1. M\u00e1j 2016","modified":"Updated on 1. M\u00e1j 2016"},"absolute_dates_time":{"created":"Posted on 1. M\u00e1j 2016 18:24","modified":"Updated on 1. M\u00e1j 2016 21:28"},"featured_img_caption":"","series_order":"","_links":{"self":[{"href":"https:\/\/www.cykloklubpodbiel.sk\/index.php?rest_route=\/wp\/v2\/posts\/9272"}],"collection":[{"href":"https:\/\/www.cykloklubpodbiel.sk\/index.php?rest_route=\/wp\/v2\/posts"}],"about":[{"href":"https:\/\/www.cykloklubpodbiel.sk\/index.php?rest_route=\/wp\/v2\/types\/post"}],"author":[{"embeddable":true,"href":"https:\/\/www.cykloklubpodbiel.sk\/index.php?rest_route=\/wp\/v2\/users\/53"}],"replies":[{"embeddable":true,"href":"https:\/\/www.cykloklubpodbiel.sk\/index.php?rest_route=%2Fwp%2Fv2%2Fcomments&post=9272"}],"version-history":[{"count":7,"href":"https:\/\/www.cykloklubpodbiel.sk\/index.php?rest_route=\/wp\/v2\/posts\/9272\/revisions"}],"predecessor-version":[{"id":9376,"href":"https:\/\/www.cykloklubpodbiel.sk\/index.php?rest_route=\/wp\/v2\/posts\/9272\/revisions\/9376"}],"wp:attachment":[{"href":"https:\/\/www.cykloklubpodbiel.sk\/index.php?rest_route=%2Fwp%2Fv2%2Fmedia&parent=9272"}],"wp:term":[{"taxonomy":"category","embeddable":true,"href":"https:\/\/www.cykloklubpodbiel.sk\/index.php?rest_route=%2Fwp%2Fv2%2Fcategories&post=9272"},{"taxonomy":"post_tag","embeddable":true,"href":"https:\/\/www.cykloklubpodbiel.sk\/index.php?rest_route=%2Fwp%2Fv2%2Ftags&post=9272"}],"curies":[{"name":"wp","href":"https:\/\/api.w.org\/{rel}","templated":true}]}}