{"id":8623,"date":"2016-01-02T15:37:19","date_gmt":"2016-01-02T14:37:19","guid":{"rendered":"http:\/\/www.cykloklubpodbiel.sk\/?p=8623"},"modified":"2016-02-07T22:30:20","modified_gmt":"2016-02-07T21:30:20","slug":"koncorocna-brigada","status":"publish","type":"post","link":"https:\/\/www.cykloklubpodbiel.sk\/?p=8623","title":{"rendered":"Koncoro\u010dn\u00e1 brig\u00e1da"},"content":{"rendered":"<p>&nbsp;<\/p>\n<p>&nbsp;<\/p>\n<p><a href=\"http:\/\/www.cykloklubpodbiel.sk\/wp-content\/uploads\/2016\/01\/DSC01394.jpg\"><img loading=\"lazy\" class=\" size-medium wp-image-8624 alignleft\" src=\"http:\/\/www.cykloklubpodbiel.sk\/wp-content\/uploads\/2016\/01\/DSC01394-300x200.jpg\" alt=\"DSC01394\" width=\"300\" height=\"200\" srcset=\"https:\/\/www.cykloklubpodbiel.sk\/wp-content\/uploads\/2016\/01\/DSC01394-300x200.jpg 300w, https:\/\/www.cykloklubpodbiel.sk\/wp-content\/uploads\/2016\/01\/DSC01394-1024x682.jpg 1024w, https:\/\/www.cykloklubpodbiel.sk\/wp-content\/uploads\/2016\/01\/DSC01394.jpg 1290w\" sizes=\"(max-width: 300px) 100vw, 300px\" \/><\/a>D\u0148a <span style=\"color: #ff0000;\"><strong>28. decembra 2015\u00a0<\/strong><\/span>sme si spravili brig\u00e1du, ktor\u00e1 smerovala od penzi\u00f3nu Pltn\u00edk popod \u010cerven\u00fa skalu okolo cyklotrasy. Na brig\u00e1de sa n\u00e1s zi\u0161lo osem \u010dlenov. Tento \u00fasek bol dos\u0165 zne\u010disten\u00fd r\u00f4znymi odpadmi. Tr\u00e1vu a \u010derni\u010die n\u00e1m r\u00e1no pokosil Jaro, aby sa n\u00e1m lep\u0161ie a \u013eah\u0161ie hrabalo, za \u010do mu \u010fakujeme. Neviem, neviem ako by sa n\u00e1m pracovalo,ak by tr\u00e1va nebola pokosen\u00e1.\u00a0Chlapi p\u00edlili kon\u00e1re a my sme hrabali a\u00a0odpad separovali do vriec.<\/p>\n<p style=\"text-align: justify;\"><a class=\"aligncenter\" title=\"Koncoro\u010dn\u00e1 brig\u00e1da\" href=\"http:\/\/www.cykloklubpodbiel.sk\/?page_id=8632\" target=\"_blank\">&#8230;cel\u00fd \u010dl\u00e1nok<\/a><\/p>\n","protected":false},"excerpt":{"rendered":"<p>&nbsp; &nbsp; D\u0148a 28. decembra 2015\u00a0sme si spravili brig\u00e1du, ktor\u00e1 smerovala od penzi\u00f3nu Pltn\u00edk popod \u010cerven\u00fa skalu okolo cyklotrasy. Na brig\u00e1de sa n\u00e1s zi\u0161lo osem \u010dlenov. Tento \u00fasek bol dos\u0165 zne\u010disten\u00fd r\u00f4znymi odpadmi. Tr\u00e1vu a \u010derni\u010die n\u00e1m r\u00e1no pokosil Jaro, aby sa n\u00e1m lep\u0161ie a \u013eah\u0161ie hrabalo, za \u010do mu \u010fakujeme. Neviem, neviem ako by [&hellip;]<\/p>\n","protected":false},"author":53,"featured_media":0,"comment_status":"open","ping_status":"open","sticky":false,"template":"","format":"standard","meta":{"advgb_blocks_editor_width":"","advgb_blocks_columns_visual_guide":"","ngg_post_thumbnail":0},"categories":[1],"tags":[],"author_meta":{"display_name":"Lubka","author_link":"https:\/\/www.cykloklubpodbiel.sk\/?author=53"},"featured_img":null,"coauthors":[],"tax_additional":{"categories":{"linked":["<a href=\"https:\/\/www.cykloklubpodbiel.sk\/?cat=1\" class=\"advgb-post-tax-term\">Arch\u00edv<\/a>"],"unlinked":["<span class=\"advgb-post-tax-term\">Arch\u00edv<\/span>"]}},"comment_count":"0","relative_dates":{"created":"Posted 10 years ago","modified":"Updated 10 years ago"},"absolute_dates":{"created":"Posted on 2. Janu\u00e1r 2016","modified":"Updated on 7. Febru\u00e1r 2016"},"absolute_dates_time":{"created":"Posted on 2. Janu\u00e1r 2016 15:37","modified":"Updated on 7. Febru\u00e1r 2016 22:30"},"featured_img_caption":"","series_order":"","_links":{"self":[{"href":"https:\/\/www.cykloklubpodbiel.sk\/index.php?rest_route=\/wp\/v2\/posts\/8623"}],"collection":[{"href":"https:\/\/www.cykloklubpodbiel.sk\/index.php?rest_route=\/wp\/v2\/posts"}],"about":[{"href":"https:\/\/www.cykloklubpodbiel.sk\/index.php?rest_route=\/wp\/v2\/types\/post"}],"author":[{"embeddable":true,"href":"https:\/\/www.cykloklubpodbiel.sk\/index.php?rest_route=\/wp\/v2\/users\/53"}],"replies":[{"embeddable":true,"href":"https:\/\/www.cykloklubpodbiel.sk\/index.php?rest_route=%2Fwp%2Fv2%2Fcomments&post=8623"}],"version-history":[{"count":7,"href":"https:\/\/www.cykloklubpodbiel.sk\/index.php?rest_route=\/wp\/v2\/posts\/8623\/revisions"}],"predecessor-version":[{"id":9089,"href":"https:\/\/www.cykloklubpodbiel.sk\/index.php?rest_route=\/wp\/v2\/posts\/8623\/revisions\/9089"}],"wp:attachment":[{"href":"https:\/\/www.cykloklubpodbiel.sk\/index.php?rest_route=%2Fwp%2Fv2%2Fmedia&parent=8623"}],"wp:term":[{"taxonomy":"category","embeddable":true,"href":"https:\/\/www.cykloklubpodbiel.sk\/index.php?rest_route=%2Fwp%2Fv2%2Fcategories&post=8623"},{"taxonomy":"post_tag","embeddable":true,"href":"https:\/\/www.cykloklubpodbiel.sk\/index.php?rest_route=%2Fwp%2Fv2%2Ftags&post=8623"}],"curies":[{"name":"wp","href":"https:\/\/api.w.org\/{rel}","templated":true}]}}