{"id":8485,"date":"2015-12-20T19:41:29","date_gmt":"2015-12-20T18:41:29","guid":{"rendered":"http:\/\/www.cykloklubpodbiel.sk\/?p=8485"},"modified":"2016-02-07T22:31:52","modified_gmt":"2016-02-07T21:31:52","slug":"vianoce-pre-riska","status":"publish","type":"post","link":"https:\/\/www.cykloklubpodbiel.sk\/?p=8485","title":{"rendered":"Vianoce pre Ri\u0161ka"},"content":{"rendered":"<p><a href=\"http:\/\/www.cykloklubpodbiel.sk\/wp-content\/uploads\/2015\/12\/DSC01250.jpg\"><img loading=\"lazy\" class=\" size-medium wp-image-8486 alignleft\" src=\"http:\/\/www.cykloklubpodbiel.sk\/wp-content\/uploads\/2015\/12\/DSC01250-300x200.jpg\" alt=\"DSC01250\" width=\"300\" height=\"200\" srcset=\"https:\/\/www.cykloklubpodbiel.sk\/wp-content\/uploads\/2015\/12\/DSC01250-300x200.jpg 300w, https:\/\/www.cykloklubpodbiel.sk\/wp-content\/uploads\/2015\/12\/DSC01250-1024x682.jpg 1024w, https:\/\/www.cykloklubpodbiel.sk\/wp-content\/uploads\/2015\/12\/DSC01250.jpg 1290w\" sizes=\"(max-width: 300px) 100vw, 300px\" \/><\/a>\u010clovek sa \u010dasto ocitne v zlo\u017eitej situ\u00e1cii a nie v\u017edy si vie s \u0148ou celkom s\u00e1m poradi\u0165. Do takejto situ\u00e1cie sa dostala i rodina mal\u00e9ho Ri\u0161ka, ktor\u00fd je v bdelej k\u00f3me. D\u0148a\u00a0<span style=\"color: #ff0000;\"><strong>20. decembra 2015 <\/strong><\/span>sa v \u0161portovej hale uskuto\u010dnili viano\u010dn\u00e9 trhy spojen\u00e9 s benefi\u010dn\u00fdm koncertom. Dobro\u010dinn\u00fa akciu pre mal\u00e9ho Ri\u0161ka zorganizovala Z\u0160 pod veden\u00edm pani riadite\u013eky v spolupr\u00e1ci s \u010fal\u0161\u00edmi organiz\u00e1ciami v Podbieli.<\/p>\n<p style=\"text-align: justify;\"><a class=\"aligncenter\" title=\"Vianoce pre Ri\u0161ka\" href=\"http:\/\/www.cykloklubpodbiel.sk\/?page_id=8489\" target=\"_blank\">&#8230;cel\u00fd \u010dl\u00e1nok<\/a><\/p>\n","protected":false},"excerpt":{"rendered":"<p>\u010clovek sa \u010dasto ocitne v zlo\u017eitej situ\u00e1cii a nie v\u017edy si vie s \u0148ou celkom s\u00e1m poradi\u0165. Do takejto situ\u00e1cie sa dostala i rodina mal\u00e9ho Ri\u0161ka, ktor\u00fd je v bdelej k\u00f3me. D\u0148a\u00a020. decembra 2015 sa v \u0161portovej hale uskuto\u010dnili viano\u010dn\u00e9 trhy spojen\u00e9 s benefi\u010dn\u00fdm koncertom. Dobro\u010dinn\u00fa akciu pre mal\u00e9ho Ri\u0161ka zorganizovala Z\u0160 pod veden\u00edm pani [&hellip;]<\/p>\n","protected":false},"author":53,"featured_media":0,"comment_status":"open","ping_status":"open","sticky":false,"template":"","format":"standard","meta":{"advgb_blocks_editor_width":"","advgb_blocks_columns_visual_guide":"","ngg_post_thumbnail":0},"categories":[1],"tags":[],"author_meta":{"display_name":"Lubka","author_link":"https:\/\/www.cykloklubpodbiel.sk\/?author=53"},"featured_img":null,"coauthors":[],"tax_additional":{"categories":{"linked":["<a href=\"https:\/\/www.cykloklubpodbiel.sk\/?cat=1\" class=\"advgb-post-tax-term\">Arch\u00edv<\/a>"],"unlinked":["<span class=\"advgb-post-tax-term\">Arch\u00edv<\/span>"]}},"comment_count":"0","relative_dates":{"created":"Posted 10 years ago","modified":"Updated 10 years ago"},"absolute_dates":{"created":"Posted on 20. December 2015","modified":"Updated on 7. Febru\u00e1r 2016"},"absolute_dates_time":{"created":"Posted on 20. December 2015 19:41","modified":"Updated on 7. Febru\u00e1r 2016 22:31"},"featured_img_caption":"","series_order":"","_links":{"self":[{"href":"https:\/\/www.cykloklubpodbiel.sk\/index.php?rest_route=\/wp\/v2\/posts\/8485"}],"collection":[{"href":"https:\/\/www.cykloklubpodbiel.sk\/index.php?rest_route=\/wp\/v2\/posts"}],"about":[{"href":"https:\/\/www.cykloklubpodbiel.sk\/index.php?rest_route=\/wp\/v2\/types\/post"}],"author":[{"embeddable":true,"href":"https:\/\/www.cykloklubpodbiel.sk\/index.php?rest_route=\/wp\/v2\/users\/53"}],"replies":[{"embeddable":true,"href":"https:\/\/www.cykloklubpodbiel.sk\/index.php?rest_route=%2Fwp%2Fv2%2Fcomments&post=8485"}],"version-history":[{"count":5,"href":"https:\/\/www.cykloklubpodbiel.sk\/index.php?rest_route=\/wp\/v2\/posts\/8485\/revisions"}],"predecessor-version":[{"id":9091,"href":"https:\/\/www.cykloklubpodbiel.sk\/index.php?rest_route=\/wp\/v2\/posts\/8485\/revisions\/9091"}],"wp:attachment":[{"href":"https:\/\/www.cykloklubpodbiel.sk\/index.php?rest_route=%2Fwp%2Fv2%2Fmedia&parent=8485"}],"wp:term":[{"taxonomy":"category","embeddable":true,"href":"https:\/\/www.cykloklubpodbiel.sk\/index.php?rest_route=%2Fwp%2Fv2%2Fcategories&post=8485"},{"taxonomy":"post_tag","embeddable":true,"href":"https:\/\/www.cykloklubpodbiel.sk\/index.php?rest_route=%2Fwp%2Fv2%2Ftags&post=8485"}],"curies":[{"name":"wp","href":"https:\/\/api.w.org\/{rel}","templated":true}]}}