{"id":841,"date":"2010-07-06T17:52:31","date_gmt":"2010-07-06T16:52:31","guid":{"rendered":"http:\/\/www.cykloklubpodbiel.sk\/?p=841"},"modified":"2010-07-16T09:17:26","modified_gmt":"2010-07-16T08:17:26","slug":"najblizsia-akcia-turisticky-vystup-cez-janosikove-diery-a-na-velky-rozsutec","status":"publish","type":"post","link":"https:\/\/www.cykloklubpodbiel.sk\/?p=841","title":{"rendered":"V\u00fdstup na Rozsutec"},"content":{"rendered":"<p style=\"text-align: justify;\">\n<div id=\"attachment_199\" style=\"width: 309px\" class=\"wp-caption alignleft\"><a href=\"http:\/\/www.cykloklubpodbiel.sk\/wp-content\/uploads\/2010\/07\/rozsutec.jpg\"><img aria-describedby=\"caption-attachment-199\" loading=\"lazy\" class=\"size-medium wp-image-199\" title=\"Foto pod Ve\u013ek\u00fdm Rozsutcom\" src=\"http:\/\/www.cykloklubpodbiel.sk\/wp-content\/uploads\/2010\/07\/t_rozsutec.jpg\" alt=\"Foto pod Ve\u013ek\u00fdm Rozsutcom\" width=\"299\" height=\"199\" \/><\/a><p id=\"caption-attachment-199\" class=\"wp-caption-text\">Foto pod Ve\u013ek\u00fdm Rozsutcom<\/p><\/div>\n<p style=\"text-align: justify;\"><span style=\"color: #000000;\"><strong>V<\/strong> pondelok<\/span> <span style=\"color: #ff0000;\"><strong>5.j\u00fala<\/strong><strong> 2010<\/strong><\/span> <span style=\"color: #000000;\">sme sa vydali na celodenn\u00fa t\u00faru do Malej Fatry do J\u00e1no\u0161\u00edkov\u00fdch dier a na Ve\u013ek\u00fd Rozsutec. R\u00e1no bolo s\u00edce zamra\u010den\u00e9, no v\u0161etci sme d\u00fafali, \u017ee sa uk\u00e1\u017ee aj slnko. Autobus sa zaplnil do posledn\u00e9ho mieste\u010dka a nabral kurz na Terchov\u00fa. Za Z\u00e1zrivou sme u\u017e v\u0161etci sledovali, z ktorej strany sa n\u00e1m uk\u00e1\u017eu skaln\u00e9 steny z Rozsutca. Na t\u00faru sme vyrazili od hotela Diery smerom na Doln\u00e9 diery, kadia\u013e vedie aj n\u00e1u\u010dn\u00fd chodn\u00edk. Ani mal\u00e9 deti sa nez\u013eakli toho skaln\u00e9ho brala a kr\u00e1\u010dali rezko s nami v o\u010dak\u00e1van\u00ed prv\u00e9ho rebr\u00edka, vodop\u00e1du, \u010di re\u0165aze.<\/span><\/p>\n<p style=\"text-align: center;\"><a title=\"rozsutec\" href=\"http:\/\/www.cykloklubpodbiel.sk\/?page_id=866\" target=\"_blank\">&#8230;cel\u00fd  \u010dl\u00e1nok <\/a><\/p>\n","protected":false},"excerpt":{"rendered":"<p>V pondelok 5.j\u00fala 2010 sme sa vydali na celodenn\u00fa t\u00faru do Malej Fatry do J\u00e1no\u0161\u00edkov\u00fdch dier a na Ve\u013ek\u00fd Rozsutec. R\u00e1no bolo s\u00edce zamra\u010den\u00e9, no v\u0161etci sme d\u00fafali, \u017ee sa uk\u00e1\u017ee aj slnko. Autobus sa zaplnil do posledn\u00e9ho mieste\u010dka a nabral kurz na Terchov\u00fa. Za Z\u00e1zrivou sme u\u017e v\u0161etci sledovali, z ktorej strany sa n\u00e1m [&hellip;]<\/p>\n","protected":false},"author":1,"featured_media":0,"comment_status":"open","ping_status":"open","sticky":false,"template":"","format":"standard","meta":{"advgb_blocks_editor_width":"","advgb_blocks_columns_visual_guide":"","ngg_post_thumbnail":0},"categories":[1],"tags":[],"author_meta":{"display_name":"\u013dubom\u00edr Franko","author_link":"https:\/\/www.cykloklubpodbiel.sk\/?author=1"},"featured_img":null,"coauthors":[],"tax_additional":{"categories":{"linked":["<a href=\"https:\/\/www.cykloklubpodbiel.sk\/?cat=1\" class=\"advgb-post-tax-term\">Arch\u00edv<\/a>"],"unlinked":["<span class=\"advgb-post-tax-term\">Arch\u00edv<\/span>"]}},"comment_count":"0","relative_dates":{"created":"Posted 16 years ago","modified":"Updated 16 years ago"},"absolute_dates":{"created":"Posted on 6. J\u00fal 2010","modified":"Updated on 16. J\u00fal 2010"},"absolute_dates_time":{"created":"Posted on 6. J\u00fal 2010 17:52","modified":"Updated on 16. J\u00fal 2010 9:17"},"featured_img_caption":"","series_order":"","_links":{"self":[{"href":"https:\/\/www.cykloklubpodbiel.sk\/index.php?rest_route=\/wp\/v2\/posts\/841"}],"collection":[{"href":"https:\/\/www.cykloklubpodbiel.sk\/index.php?rest_route=\/wp\/v2\/posts"}],"about":[{"href":"https:\/\/www.cykloklubpodbiel.sk\/index.php?rest_route=\/wp\/v2\/types\/post"}],"author":[{"embeddable":true,"href":"https:\/\/www.cykloklubpodbiel.sk\/index.php?rest_route=\/wp\/v2\/users\/1"}],"replies":[{"embeddable":true,"href":"https:\/\/www.cykloklubpodbiel.sk\/index.php?rest_route=%2Fwp%2Fv2%2Fcomments&post=841"}],"version-history":[{"count":20,"href":"https:\/\/www.cykloklubpodbiel.sk\/index.php?rest_route=\/wp\/v2\/posts\/841\/revisions"}],"predecessor-version":[{"id":909,"href":"https:\/\/www.cykloklubpodbiel.sk\/index.php?rest_route=\/wp\/v2\/posts\/841\/revisions\/909"}],"wp:attachment":[{"href":"https:\/\/www.cykloklubpodbiel.sk\/index.php?rest_route=%2Fwp%2Fv2%2Fmedia&parent=841"}],"wp:term":[{"taxonomy":"category","embeddable":true,"href":"https:\/\/www.cykloklubpodbiel.sk\/index.php?rest_route=%2Fwp%2Fv2%2Fcategories&post=841"},{"taxonomy":"post_tag","embeddable":true,"href":"https:\/\/www.cykloklubpodbiel.sk\/index.php?rest_route=%2Fwp%2Fv2%2Ftags&post=841"}],"curies":[{"name":"wp","href":"https:\/\/api.w.org\/{rel}","templated":true}]}}