{"id":8356,"date":"2015-10-06T18:23:31","date_gmt":"2015-10-06T17:23:31","guid":{"rendered":"http:\/\/www.cykloklubpodbiel.sk\/?p=8356"},"modified":"2016-02-07T22:32:40","modified_gmt":"2016-02-07T21:32:40","slug":"vystup-na-ostrvu","status":"publish","type":"post","link":"https:\/\/www.cykloklubpodbiel.sk\/?p=8356","title":{"rendered":"V\u00fdstup na Ostrvu"},"content":{"rendered":"<p>&nbsp;<\/p>\n<p><a href=\"http:\/\/www.cykloklubpodbiel.sk\/wp-content\/uploads\/2015\/10\/DSC01202.jpg\"><img loading=\"lazy\" class=\" size-medium wp-image-8357 alignleft\" src=\"http:\/\/www.cykloklubpodbiel.sk\/wp-content\/uploads\/2015\/10\/DSC01202-300x200.jpg\" alt=\"DSC01202\" width=\"300\" height=\"200\" srcset=\"https:\/\/www.cykloklubpodbiel.sk\/wp-content\/uploads\/2015\/10\/DSC01202-300x200.jpg 300w, https:\/\/www.cykloklubpodbiel.sk\/wp-content\/uploads\/2015\/10\/DSC01202-1024x682.jpg 1024w, https:\/\/www.cykloklubpodbiel.sk\/wp-content\/uploads\/2015\/10\/DSC01202.jpg 1290w\" sizes=\"(max-width: 300px) 100vw, 300px\" \/><\/a>V nede\u013eu\u00a0<span style=\"color: #ff0000;\"><strong>4. okt\u00f3bra 2015 <\/strong><\/span>sme sa rozhodli u\u017ei\u0165 si kr\u00e1sne po\u010dasie &#8220;babieho leta&#8221;. V\u00fdber padol na sedlo pod Ostrvou (1966 n. m) vo Vysok\u00fdch Tatr\u00e1ch. R\u00e1no o 6.30 hod. sme vyr\u00e1\u017eali z Podbiela v po\u010dte 11 + 2 deti. Za\u010d\u00ednali sme na \u0160trbskom plese, potom na Popradsk\u00e9 pleso. To bola tak\u00e1 \u00a0&#8220;brnka\u010dka&#8221;. No v\u00fdstup od plesa na sedlo je tro\u0161ku n\u00e1ro\u010dnej\u0161\u00ed. Je to trval\u00e9 st\u00fapanie. (cca 1 hod.) Popradsk\u00e9 pleso nech\u00e1vame za chrbtom, je st\u00e1le men\u0161ie a men\u0161ie&#8230; Ako st\u00fapame, men\u00ed sa po\u010dasie, raz je zatiahnut\u00e9, potom slnie\u010dko osvecuje niektor\u00e9 vrcholky ( \u010do je o\u010daruj\u00face), miestami sa dr\u017e\u00ed hmla. Ale ,tak\u00e9 s\u00fa hory, mus\u00edte po\u010d\u00edta\u0165 so v\u0161etk\u00fdm.<\/p>\n<p style=\"text-align: justify;\"><a class=\"aligncenter\" title=\"V\u00fdstup na Ostrvu\" href=\"http:\/\/www.cykloklubpodbiel.sk\/?page_id=8367\" target=\"_blank\">&#8230;cel\u00fd \u010dl\u00e1nok<\/a><\/p>\n","protected":false},"excerpt":{"rendered":"<p>&nbsp; V nede\u013eu\u00a04. okt\u00f3bra 2015 sme sa rozhodli u\u017ei\u0165 si kr\u00e1sne po\u010dasie &#8220;babieho leta&#8221;. V\u00fdber padol na sedlo pod Ostrvou (1966 n. m) vo Vysok\u00fdch Tatr\u00e1ch. R\u00e1no o 6.30 hod. sme vyr\u00e1\u017eali z Podbiela v po\u010dte 11 + 2 deti. Za\u010d\u00ednali sme na \u0160trbskom plese, potom na Popradsk\u00e9 pleso. To bola tak\u00e1 \u00a0&#8220;brnka\u010dka&#8221;. No v\u00fdstup [&hellip;]<\/p>\n","protected":false},"author":53,"featured_media":0,"comment_status":"open","ping_status":"open","sticky":false,"template":"","format":"standard","meta":{"advgb_blocks_editor_width":"","advgb_blocks_columns_visual_guide":"","ngg_post_thumbnail":0},"categories":[1],"tags":[],"author_meta":{"display_name":"Lubka","author_link":"https:\/\/www.cykloklubpodbiel.sk\/?author=53"},"featured_img":null,"coauthors":[],"tax_additional":{"categories":{"linked":["<a href=\"https:\/\/www.cykloklubpodbiel.sk\/?cat=1\" class=\"advgb-post-tax-term\">Arch\u00edv<\/a>"],"unlinked":["<span class=\"advgb-post-tax-term\">Arch\u00edv<\/span>"]}},"comment_count":"0","relative_dates":{"created":"Posted 11 years ago","modified":"Updated 10 years ago"},"absolute_dates":{"created":"Posted on 6. Okt\u00f3ber 2015","modified":"Updated on 7. Febru\u00e1r 2016"},"absolute_dates_time":{"created":"Posted on 6. Okt\u00f3ber 2015 18:23","modified":"Updated on 7. Febru\u00e1r 2016 22:32"},"featured_img_caption":"","series_order":"","_links":{"self":[{"href":"https:\/\/www.cykloklubpodbiel.sk\/index.php?rest_route=\/wp\/v2\/posts\/8356"}],"collection":[{"href":"https:\/\/www.cykloklubpodbiel.sk\/index.php?rest_route=\/wp\/v2\/posts"}],"about":[{"href":"https:\/\/www.cykloklubpodbiel.sk\/index.php?rest_route=\/wp\/v2\/types\/post"}],"author":[{"embeddable":true,"href":"https:\/\/www.cykloklubpodbiel.sk\/index.php?rest_route=\/wp\/v2\/users\/53"}],"replies":[{"embeddable":true,"href":"https:\/\/www.cykloklubpodbiel.sk\/index.php?rest_route=%2Fwp%2Fv2%2Fcomments&post=8356"}],"version-history":[{"count":4,"href":"https:\/\/www.cykloklubpodbiel.sk\/index.php?rest_route=\/wp\/v2\/posts\/8356\/revisions"}],"predecessor-version":[{"id":9092,"href":"https:\/\/www.cykloklubpodbiel.sk\/index.php?rest_route=\/wp\/v2\/posts\/8356\/revisions\/9092"}],"wp:attachment":[{"href":"https:\/\/www.cykloklubpodbiel.sk\/index.php?rest_route=%2Fwp%2Fv2%2Fmedia&parent=8356"}],"wp:term":[{"taxonomy":"category","embeddable":true,"href":"https:\/\/www.cykloklubpodbiel.sk\/index.php?rest_route=%2Fwp%2Fv2%2Fcategories&post=8356"},{"taxonomy":"post_tag","embeddable":true,"href":"https:\/\/www.cykloklubpodbiel.sk\/index.php?rest_route=%2Fwp%2Fv2%2Ftags&post=8356"}],"curies":[{"name":"wp","href":"https:\/\/api.w.org\/{rel}","templated":true}]}}