{"id":8183,"date":"2015-08-02T19:35:12","date_gmt":"2015-08-02T18:35:12","guid":{"rendered":"http:\/\/www.cykloklubpodbiel.sk\/?p=8183"},"modified":"2016-02-07T22:33:30","modified_gmt":"2016-02-07T21:33:30","slug":"cyklotura-s-posedenim-u-milosa","status":"publish","type":"post","link":"https:\/\/www.cykloklubpodbiel.sk\/?p=8183","title":{"rendered":"Cyklot\u00fara s poseden\u00edm u Milo\u0161a"},"content":{"rendered":"<p><strong><a href=\"http:\/\/www.cykloklubpodbiel.sk\/wp-content\/uploads\/2015\/08\/DSC00744.jpg\"><img loading=\"lazy\" class=\" size-medium wp-image-8184 alignleft\" src=\"http:\/\/www.cykloklubpodbiel.sk\/wp-content\/uploads\/2015\/08\/DSC00744-300x200.jpg\" alt=\"DSC00744\" width=\"300\" height=\"200\" srcset=\"https:\/\/www.cykloklubpodbiel.sk\/wp-content\/uploads\/2015\/08\/DSC00744-300x200.jpg 300w, https:\/\/www.cykloklubpodbiel.sk\/wp-content\/uploads\/2015\/08\/DSC00744-1024x682.jpg 1024w, https:\/\/www.cykloklubpodbiel.sk\/wp-content\/uploads\/2015\/08\/DSC00744.jpg 1290w\" sizes=\"(max-width: 300px) 100vw, 300px\" \/><\/a><\/p>\n<p>Prv\u00fa<\/strong>\u00a0nede\u013eu <span style=\"color: #ff0000;\"><strong>2.augusta 2015 <\/strong><\/span>sme sa vybrali na cyklot\u00faru na Huty spojen\u00fa s poseden\u00edm u Milo\u0161a. Po\u010dasie z r\u00e1na bolo zamra\u010den\u00e9, no po\u010das jazdy n\u00e1m zasvietilo slnie\u010dko. Z Podbiela n\u00e1s i\u0161lo 23 cyklistov. Na\u0161a cyklotrasa smerovala po ceste na Kriv\u00fa, Dlh\u00fa a Chlebnice. V Chlebniciach sme si urobili mal\u00fa prest\u00e1vku a odtia\u013e bicyklovali po po\u013enej kopcovitej ceste. Ka\u017ed\u00fd \u010dlen si i\u0161iel svojim tempom, lebo trasa bola n\u00e1ro\u010dn\u00e1.<\/p>\n<p style=\"text-align: justify;\"><a class=\"aligncenter\" title=\"Cyklot\u00fara s poseden\u00edm u Milo\u0161a\" href=\"http:\/\/www.cykloklubpodbiel.sk\/?page_id=8191\" target=\"_blank\">&#8230;cel\u00fd \u010dl\u00e1nok<\/a><\/p>\n","protected":false},"excerpt":{"rendered":"<p>Prv\u00fa\u00a0nede\u013eu 2.augusta 2015 sme sa vybrali na cyklot\u00faru na Huty spojen\u00fa s poseden\u00edm u Milo\u0161a. Po\u010dasie z r\u00e1na bolo zamra\u010den\u00e9, no po\u010das jazdy n\u00e1m zasvietilo slnie\u010dko. Z Podbiela n\u00e1s i\u0161lo 23 cyklistov. Na\u0161a cyklotrasa smerovala po ceste na Kriv\u00fa, Dlh\u00fa a Chlebnice. V Chlebniciach sme si urobili mal\u00fa prest\u00e1vku a odtia\u013e bicyklovali po po\u013enej kopcovitej [&hellip;]<\/p>\n","protected":false},"author":53,"featured_media":0,"comment_status":"open","ping_status":"open","sticky":false,"template":"","format":"standard","meta":{"advgb_blocks_editor_width":"","advgb_blocks_columns_visual_guide":"","ngg_post_thumbnail":0},"categories":[1],"tags":[],"author_meta":{"display_name":"Lubka","author_link":"https:\/\/www.cykloklubpodbiel.sk\/?author=53"},"featured_img":null,"coauthors":[],"tax_additional":{"categories":{"linked":["<a href=\"https:\/\/www.cykloklubpodbiel.sk\/?cat=1\" class=\"advgb-post-tax-term\">Arch\u00edv<\/a>"],"unlinked":["<span class=\"advgb-post-tax-term\">Arch\u00edv<\/span>"]}},"comment_count":"0","relative_dates":{"created":"Posted 11 years ago","modified":"Updated 10 years ago"},"absolute_dates":{"created":"Posted on 2. August 2015","modified":"Updated on 7. Febru\u00e1r 2016"},"absolute_dates_time":{"created":"Posted on 2. August 2015 19:35","modified":"Updated on 7. Febru\u00e1r 2016 22:33"},"featured_img_caption":"","series_order":"","_links":{"self":[{"href":"https:\/\/www.cykloklubpodbiel.sk\/index.php?rest_route=\/wp\/v2\/posts\/8183"}],"collection":[{"href":"https:\/\/www.cykloklubpodbiel.sk\/index.php?rest_route=\/wp\/v2\/posts"}],"about":[{"href":"https:\/\/www.cykloklubpodbiel.sk\/index.php?rest_route=\/wp\/v2\/types\/post"}],"author":[{"embeddable":true,"href":"https:\/\/www.cykloklubpodbiel.sk\/index.php?rest_route=\/wp\/v2\/users\/53"}],"replies":[{"embeddable":true,"href":"https:\/\/www.cykloklubpodbiel.sk\/index.php?rest_route=%2Fwp%2Fv2%2Fcomments&post=8183"}],"version-history":[{"count":8,"href":"https:\/\/www.cykloklubpodbiel.sk\/index.php?rest_route=\/wp\/v2\/posts\/8183\/revisions"}],"predecessor-version":[{"id":9093,"href":"https:\/\/www.cykloklubpodbiel.sk\/index.php?rest_route=\/wp\/v2\/posts\/8183\/revisions\/9093"}],"wp:attachment":[{"href":"https:\/\/www.cykloklubpodbiel.sk\/index.php?rest_route=%2Fwp%2Fv2%2Fmedia&parent=8183"}],"wp:term":[{"taxonomy":"category","embeddable":true,"href":"https:\/\/www.cykloklubpodbiel.sk\/index.php?rest_route=%2Fwp%2Fv2%2Fcategories&post=8183"},{"taxonomy":"post_tag","embeddable":true,"href":"https:\/\/www.cykloklubpodbiel.sk\/index.php?rest_route=%2Fwp%2Fv2%2Ftags&post=8183"}],"curies":[{"name":"wp","href":"https:\/\/api.w.org\/{rel}","templated":true}]}}