{"id":8076,"date":"2015-07-26T22:29:17","date_gmt":"2015-07-26T21:29:17","guid":{"rendered":"http:\/\/www.cykloklubpodbiel.sk\/?p=8076"},"modified":"2016-02-08T15:32:19","modified_gmt":"2016-02-08T14:32:19","slug":"brigada-s-gulasom","status":"publish","type":"post","link":"https:\/\/www.cykloklubpodbiel.sk\/?p=8076","title":{"rendered":"Brig\u00e1da s gul\u00e1\u0161om"},"content":{"rendered":"<p><a href=\"http:\/\/www.cykloklubpodbiel.sk\/wp-content\/uploads\/2015\/07\/DSC00692.jpg\"><img loading=\"lazy\" class=\" size-medium wp-image-8077 alignleft\" src=\"http:\/\/www.cykloklubpodbiel.sk\/wp-content\/uploads\/2015\/07\/DSC00692-300x200.jpg\" alt=\"DSC00692\" width=\"300\" height=\"200\" srcset=\"https:\/\/www.cykloklubpodbiel.sk\/wp-content\/uploads\/2015\/07\/DSC00692-300x200.jpg 300w, https:\/\/www.cykloklubpodbiel.sk\/wp-content\/uploads\/2015\/07\/DSC00692-1024x682.jpg 1024w, https:\/\/www.cykloklubpodbiel.sk\/wp-content\/uploads\/2015\/07\/DSC00692.jpg 1290w\" sizes=\"(max-width: 300px) 100vw, 300px\" \/><\/a><\/p>\n<p>Tak ako po in\u00e9 mesiace i v sobotu <span style=\"color: #ff0000;\"><strong>25.7.2015 \u00a0<\/strong><\/span>sme si napl\u00e1novali brig\u00e1du spojen\u00fa s gul\u00e1\u0161om na<strong> \u010cervenej skale.<\/strong>De\u0148 bol od r\u00e1na sparn\u00fd a hrozilo ka\u017ed\u00fa chv\u00ed\u013eku, kedy zapr\u0161\u00ed.Muchy n\u00e1s dos\u0165 \u0161t\u00edpali, ale od pr\u00e1ce n\u00e1s neodradili.Rozdelili sme sa na tri skupinky. Jedna skupinka pokra\u010dovala na osadzovan\u00ed schodov pod v\u0155\u0161kom na \u010cerven\u00fa skalu. Druh\u00e1 robila lavi\u010dky pri ohnisku na \u010cervenej skale, vy\u017e\u00ednala priestor okolo pr\u00edstre\u0161ku a natierala lavi\u010dky farbou. A tretia skupinka pripravovala gul\u00e1\u0161 pre \u010dlenov klubu.<\/p>\n<p><a class=\"aligncenter\" title=\"Brig\u00e1da s gul\u00e1\u0161om\" href=\"http:\/\/www.cykloklubpodbiel.sk\/?page_id=8079\" target=\"_blank\">&#8230;cel\u00fd \u010dl\u00e1nok<\/a><\/p>\n","protected":false},"excerpt":{"rendered":"<p>Tak ako po in\u00e9 mesiace i v sobotu 25.7.2015 \u00a0sme si napl\u00e1novali brig\u00e1du spojen\u00fa s gul\u00e1\u0161om na \u010cervenej skale.De\u0148 bol od r\u00e1na sparn\u00fd a hrozilo ka\u017ed\u00fa chv\u00ed\u013eku, kedy zapr\u0161\u00ed.Muchy n\u00e1s dos\u0165 \u0161t\u00edpali, ale od pr\u00e1ce n\u00e1s neodradili.Rozdelili sme sa na tri skupinky. Jedna skupinka pokra\u010dovala na osadzovan\u00ed schodov pod v\u0155\u0161kom na \u010cerven\u00fa skalu. Druh\u00e1 robila [&hellip;]<\/p>\n","protected":false},"author":53,"featured_media":0,"comment_status":"open","ping_status":"open","sticky":false,"template":"","format":"standard","meta":{"advgb_blocks_editor_width":"","advgb_blocks_columns_visual_guide":"","ngg_post_thumbnail":0},"categories":[1],"tags":[],"author_meta":{"display_name":"Lubka","author_link":"https:\/\/www.cykloklubpodbiel.sk\/?author=53"},"featured_img":null,"coauthors":[],"tax_additional":{"categories":{"linked":["<a href=\"https:\/\/www.cykloklubpodbiel.sk\/?cat=1\" class=\"advgb-post-tax-term\">Arch\u00edv<\/a>"],"unlinked":["<span class=\"advgb-post-tax-term\">Arch\u00edv<\/span>"]}},"comment_count":"0","relative_dates":{"created":"Posted 11 years ago","modified":"Updated 10 years ago"},"absolute_dates":{"created":"Posted on 26. J\u00fal 2015","modified":"Updated on 8. Febru\u00e1r 2016"},"absolute_dates_time":{"created":"Posted on 26. J\u00fal 2015 22:29","modified":"Updated on 8. Febru\u00e1r 2016 15:32"},"featured_img_caption":"","series_order":"","_links":{"self":[{"href":"https:\/\/www.cykloklubpodbiel.sk\/index.php?rest_route=\/wp\/v2\/posts\/8076"}],"collection":[{"href":"https:\/\/www.cykloklubpodbiel.sk\/index.php?rest_route=\/wp\/v2\/posts"}],"about":[{"href":"https:\/\/www.cykloklubpodbiel.sk\/index.php?rest_route=\/wp\/v2\/types\/post"}],"author":[{"embeddable":true,"href":"https:\/\/www.cykloklubpodbiel.sk\/index.php?rest_route=\/wp\/v2\/users\/53"}],"replies":[{"embeddable":true,"href":"https:\/\/www.cykloklubpodbiel.sk\/index.php?rest_route=%2Fwp%2Fv2%2Fcomments&post=8076"}],"version-history":[{"count":5,"href":"https:\/\/www.cykloklubpodbiel.sk\/index.php?rest_route=\/wp\/v2\/posts\/8076\/revisions"}],"predecessor-version":[{"id":9100,"href":"https:\/\/www.cykloklubpodbiel.sk\/index.php?rest_route=\/wp\/v2\/posts\/8076\/revisions\/9100"}],"wp:attachment":[{"href":"https:\/\/www.cykloklubpodbiel.sk\/index.php?rest_route=%2Fwp%2Fv2%2Fmedia&parent=8076"}],"wp:term":[{"taxonomy":"category","embeddable":true,"href":"https:\/\/www.cykloklubpodbiel.sk\/index.php?rest_route=%2Fwp%2Fv2%2Fcategories&post=8076"},{"taxonomy":"post_tag","embeddable":true,"href":"https:\/\/www.cykloklubpodbiel.sk\/index.php?rest_route=%2Fwp%2Fv2%2Ftags&post=8076"}],"curies":[{"name":"wp","href":"https:\/\/api.w.org\/{rel}","templated":true}]}}