{"id":7982,"date":"2015-07-20T20:35:34","date_gmt":"2015-07-20T19:35:34","guid":{"rendered":"http:\/\/www.cykloklubpodbiel.sk\/?p=7982"},"modified":"2016-02-07T22:36:05","modified_gmt":"2016-02-07T21:36:05","slug":"cyklotura-podbiel-novy-targ","status":"publish","type":"post","link":"https:\/\/www.cykloklubpodbiel.sk\/?p=7982","title":{"rendered":"Cyklot\u00fara-Podbiel-Nov\u00fd Targ"},"content":{"rendered":"<p><strong><a href=\"http:\/\/www.cykloklubpodbiel.sk\/wp-content\/uploads\/2015\/07\/DSC00603.jpg\"><img loading=\"lazy\" class=\" size-medium wp-image-7979 alignleft\" src=\"http:\/\/www.cykloklubpodbiel.sk\/wp-content\/uploads\/2015\/07\/DSC00603-300x200.jpg\" alt=\"DSC00603\" width=\"300\" height=\"200\" srcset=\"https:\/\/www.cykloklubpodbiel.sk\/wp-content\/uploads\/2015\/07\/DSC00603-300x200.jpg 300w, https:\/\/www.cykloklubpodbiel.sk\/wp-content\/uploads\/2015\/07\/DSC00603-1024x682.jpg 1024w, https:\/\/www.cykloklubpodbiel.sk\/wp-content\/uploads\/2015\/07\/DSC00603.jpg 1290w\" sizes=\"(max-width: 300px) 100vw, 300px\" \/><\/a><\/strong><\/p>\n<p>D\u0148a\u00a0<span style=\"color: #ff0000;\"><strong>19.j\u00fala 2015\u00a0<\/strong><\/span>sme sa vybrali na cyklot\u00faru do <strong>Nov\u00e9ho Targu.\u00a0<\/strong>Na bicykle v Podbieli sadlo \u0161es\u0165 \u010dlenov n\u00e1\u0161ho klubu. Pred jazdou z Podbiela, n\u00e1s bol pozdravi\u0165 Vilo s Monikou, ktor\u00ed mali napl\u00e1novan\u00fa cyklot\u00faru do Zuberca. My ostatn\u00ed sme smerovali po ceste na Ni\u017en\u00fa. Na zast\u00e1vke v Ni\u017enej sa pridal k n\u00e1m Milo\u0161 K., ktor\u00fd n\u00e1s milo prekvapil. Jazda z Ni\u017enej pokra\u010dovala po cyklotrase okolo Oravy a \u010falej po komunik\u00e1cii do Trstenej. V Trstenej sme odbo\u010dili a doplnili pitn\u00fd re\u017eim v re\u0161taur\u00e1cii u \u017daby.<\/p>\n<p><a class=\"aligncenter\" title=\"Cyklot\u00fara-Podbiel\" href=\"http:\/\/www.cykloklubpodbiel.sk\/?page_id=7986\" target=\"_blank\">&#8230;cel\u00fd \u010dl\u00e1nok<\/a><\/p>\n","protected":false},"excerpt":{"rendered":"<p>D\u0148a\u00a019.j\u00fala 2015\u00a0sme sa vybrali na cyklot\u00faru do Nov\u00e9ho Targu.\u00a0Na bicykle v Podbieli sadlo \u0161es\u0165 \u010dlenov n\u00e1\u0161ho klubu. Pred jazdou z Podbiela, n\u00e1s bol pozdravi\u0165 Vilo s Monikou, ktor\u00ed mali napl\u00e1novan\u00fa cyklot\u00faru do Zuberca. My ostatn\u00ed sme smerovali po ceste na Ni\u017en\u00fa. Na zast\u00e1vke v Ni\u017enej sa pridal k n\u00e1m Milo\u0161 K., ktor\u00fd n\u00e1s milo prekvapil. [&hellip;]<\/p>\n","protected":false},"author":53,"featured_media":0,"comment_status":"open","ping_status":"open","sticky":false,"template":"","format":"standard","meta":{"advgb_blocks_editor_width":"","advgb_blocks_columns_visual_guide":"","ngg_post_thumbnail":0},"categories":[1],"tags":[],"author_meta":{"display_name":"Lubka","author_link":"https:\/\/www.cykloklubpodbiel.sk\/?author=53"},"featured_img":null,"coauthors":[],"tax_additional":{"categories":{"linked":["<a href=\"https:\/\/www.cykloklubpodbiel.sk\/?cat=1\" class=\"advgb-post-tax-term\">Arch\u00edv<\/a>"],"unlinked":["<span class=\"advgb-post-tax-term\">Arch\u00edv<\/span>"]}},"comment_count":"0","relative_dates":{"created":"Posted 11 years ago","modified":"Updated 10 years ago"},"absolute_dates":{"created":"Posted on 20. J\u00fal 2015","modified":"Updated on 7. Febru\u00e1r 2016"},"absolute_dates_time":{"created":"Posted on 20. J\u00fal 2015 20:35","modified":"Updated on 7. Febru\u00e1r 2016 22:36"},"featured_img_caption":"","series_order":"","_links":{"self":[{"href":"https:\/\/www.cykloklubpodbiel.sk\/index.php?rest_route=\/wp\/v2\/posts\/7982"}],"collection":[{"href":"https:\/\/www.cykloklubpodbiel.sk\/index.php?rest_route=\/wp\/v2\/posts"}],"about":[{"href":"https:\/\/www.cykloklubpodbiel.sk\/index.php?rest_route=\/wp\/v2\/types\/post"}],"author":[{"embeddable":true,"href":"https:\/\/www.cykloklubpodbiel.sk\/index.php?rest_route=\/wp\/v2\/users\/53"}],"replies":[{"embeddable":true,"href":"https:\/\/www.cykloklubpodbiel.sk\/index.php?rest_route=%2Fwp%2Fv2%2Fcomments&post=7982"}],"version-history":[{"count":6,"href":"https:\/\/www.cykloklubpodbiel.sk\/index.php?rest_route=\/wp\/v2\/posts\/7982\/revisions"}],"predecessor-version":[{"id":9095,"href":"https:\/\/www.cykloklubpodbiel.sk\/index.php?rest_route=\/wp\/v2\/posts\/7982\/revisions\/9095"}],"wp:attachment":[{"href":"https:\/\/www.cykloklubpodbiel.sk\/index.php?rest_route=%2Fwp%2Fv2%2Fmedia&parent=7982"}],"wp:term":[{"taxonomy":"category","embeddable":true,"href":"https:\/\/www.cykloklubpodbiel.sk\/index.php?rest_route=%2Fwp%2Fv2%2Fcategories&post=7982"},{"taxonomy":"post_tag","embeddable":true,"href":"https:\/\/www.cykloklubpodbiel.sk\/index.php?rest_route=%2Fwp%2Fv2%2Ftags&post=7982"}],"curies":[{"name":"wp","href":"https:\/\/api.w.org\/{rel}","templated":true}]}}