{"id":791,"date":"2010-06-28T18:30:52","date_gmt":"2010-06-28T17:30:52","guid":{"rendered":"http:\/\/www.cykloklubpodbiel.sk\/?p=791"},"modified":"2010-07-12T08:52:19","modified_gmt":"2010-07-12T07:52:19","slug":"cyklotura-chlebnice-m-borove-huty-malatina-h-lehota","status":"publish","type":"post","link":"https:\/\/www.cykloklubpodbiel.sk\/?p=791","title":{"rendered":"Cyklot\u00fara Chlebnice-M. Borov\u00e9-Huty-Malatin\u00e1-H.Lehota"},"content":{"rendered":"<div class=\"mceTemp\">\n<div class=\"mceTemp\"><span style=\"font-size: x-small;\"> <\/span><\/div>\n<div id=\"attachment_199\" style=\"width: 309px\" class=\"wp-caption alignleft\"><a href=\"http:\/\/www.cykloklubpodbiel.sk\/wp-content\/uploads\/2010\/06\/huty_malatina.jpg\"><strong><img aria-describedby=\"caption-attachment-199\" loading=\"lazy\" class=\"size-medium wp-image-150\" title=\"Spolo\u010dn\u00e9 foto veter\u00e1nov\" src=\"http:\/\/www.cykloklubpodbiel.sk\/wp-content\/uploads\/2010\/06\/t_huty_malatina.jpg\" alt=\"Chv\u00ed\u013ea oddychu pod panor\u00e1mou Z\u00e1padn\u00fdch Tatier\" width=\"299\" height=\"199\" \/><\/strong><\/a><p id=\"caption-attachment-199\" class=\"wp-caption-text\">Chv\u00ed\u013ea oddychu pod panor\u00e1mou Z\u00e1padn\u00fdch Tatier<\/p><\/div>\n<p style=\"text-align: justify;\"><span style=\"color: #000000;\"><strong>V<\/strong> nede\u013eu<\/span><span style=\"color: #ff0000;\"> <strong>27<\/strong><strong>.j\u00fana   2010<\/strong><\/span> <span style=\"color: #000000;\">n\u00e1s \u010dakala dos\u0165 n\u00e1ro\u010dn\u00e1 cyklot\u00fara Podbiel &#8211; Chlebnice &#8211;  M.Borov\u00e9 &#8211; Huty &#8211; V.Borov\u00e9 &#8211; Malatin\u00e1 &#8211; H.Lehota &#8211; Podbiel. P\u00f4vodn\u00e9  pl\u00e1novan\u00fa trasu sme si tak z d\u00f4vodu n\u00e1dhern\u00e9ho po\u010dasia pred\u013a\u017eili. U\u017e  r\u00e1no n\u00e1m po\u010dasie nazna\u010dovalo, \u017ee n\u00e1s \u010dakaj\u00fa kr\u00e1sne v\u00fdh\u013eady z okolit\u00fdch  kopcov. Smerom na Chlebnice sa n\u00e1s vydalo 17 cyklistov. Tu n\u00e1s \u010dakalo  ob\u010derstvenie a prv\u00e9 st\u00fapania. Ve\u010f z Chlebn\u00edc a\u017e na M. Borov\u00e9 sme museli  prekona\u0165 takmer 500 v\u00fd\u0161kov\u00fdch metrov. \u013dah\u0161ie \u00faseky sa striedali s  \u0165a\u017e\u0161\u00edmi, no boli aj tak\u00e9, ktor\u00e9 boli nad na\u0161e sily a museli sme &#8230;.<\/span><\/p>\n<p style=\"text-align: justify;\"><a class=\"aligncenter\" title=\"preteky\" href=\"http:\/\/www.cykloklubpodbiel.sk\/?page_id=781\" target=\"_blank\">&#8230;cel\u00fd \u010dl\u00e1nok <\/a><\/p>\n<\/div>\n","protected":false},"excerpt":{"rendered":"<p>V nede\u013eu 27.j\u00fana 2010 n\u00e1s \u010dakala dos\u0165 n\u00e1ro\u010dn\u00e1 cyklot\u00fara Podbiel &#8211; Chlebnice &#8211; M.Borov\u00e9 &#8211; Huty &#8211; V.Borov\u00e9 &#8211; Malatin\u00e1 &#8211; H.Lehota &#8211; Podbiel. P\u00f4vodn\u00e9 pl\u00e1novan\u00fa trasu sme si tak z d\u00f4vodu n\u00e1dhern\u00e9ho po\u010dasia pred\u013a\u017eili. U\u017e r\u00e1no n\u00e1m po\u010dasie nazna\u010dovalo, \u017ee n\u00e1s \u010dakaj\u00fa kr\u00e1sne v\u00fdh\u013eady z okolit\u00fdch kopcov. Smerom na Chlebnice sa n\u00e1s vydalo 17 [&hellip;]<\/p>\n","protected":false},"author":1,"featured_media":0,"comment_status":"open","ping_status":"open","sticky":false,"template":"","format":"standard","meta":{"advgb_blocks_editor_width":"","advgb_blocks_columns_visual_guide":"","ngg_post_thumbnail":0},"categories":[1],"tags":[],"author_meta":{"display_name":"\u013dubom\u00edr Franko","author_link":"https:\/\/www.cykloklubpodbiel.sk\/?author=1"},"featured_img":null,"coauthors":[],"tax_additional":{"categories":{"linked":["<a href=\"https:\/\/www.cykloklubpodbiel.sk\/?cat=1\" class=\"advgb-post-tax-term\">Arch\u00edv<\/a>"],"unlinked":["<span class=\"advgb-post-tax-term\">Arch\u00edv<\/span>"]}},"comment_count":"0","relative_dates":{"created":"Posted 16 years ago","modified":"Updated 16 years ago"},"absolute_dates":{"created":"Posted on 28. J\u00fan 2010","modified":"Updated on 12. J\u00fal 2010"},"absolute_dates_time":{"created":"Posted on 28. J\u00fan 2010 18:30","modified":"Updated on 12. J\u00fal 2010 8:52"},"featured_img_caption":"","series_order":"","_links":{"self":[{"href":"https:\/\/www.cykloklubpodbiel.sk\/index.php?rest_route=\/wp\/v2\/posts\/791"}],"collection":[{"href":"https:\/\/www.cykloklubpodbiel.sk\/index.php?rest_route=\/wp\/v2\/posts"}],"about":[{"href":"https:\/\/www.cykloklubpodbiel.sk\/index.php?rest_route=\/wp\/v2\/types\/post"}],"author":[{"embeddable":true,"href":"https:\/\/www.cykloklubpodbiel.sk\/index.php?rest_route=\/wp\/v2\/users\/1"}],"replies":[{"embeddable":true,"href":"https:\/\/www.cykloklubpodbiel.sk\/index.php?rest_route=%2Fwp%2Fv2%2Fcomments&post=791"}],"version-history":[{"count":27,"href":"https:\/\/www.cykloklubpodbiel.sk\/index.php?rest_route=\/wp\/v2\/posts\/791\/revisions"}],"predecessor-version":[{"id":887,"href":"https:\/\/www.cykloklubpodbiel.sk\/index.php?rest_route=\/wp\/v2\/posts\/791\/revisions\/887"}],"wp:attachment":[{"href":"https:\/\/www.cykloklubpodbiel.sk\/index.php?rest_route=%2Fwp%2Fv2%2Fmedia&parent=791"}],"wp:term":[{"taxonomy":"category","embeddable":true,"href":"https:\/\/www.cykloklubpodbiel.sk\/index.php?rest_route=%2Fwp%2Fv2%2Fcategories&post=791"},{"taxonomy":"post_tag","embeddable":true,"href":"https:\/\/www.cykloklubpodbiel.sk\/index.php?rest_route=%2Fwp%2Fv2%2Ftags&post=791"}],"curies":[{"name":"wp","href":"https:\/\/api.w.org\/{rel}","templated":true}]}}