{"id":7810,"date":"2015-06-28T11:18:29","date_gmt":"2015-06-28T10:18:29","guid":{"rendered":"http:\/\/www.cykloklubpodbiel.sk\/?p=7810"},"modified":"2016-02-07T22:37:48","modified_gmt":"2016-02-07T21:37:48","slug":"letna-brigada","status":"publish","type":"post","link":"https:\/\/www.cykloklubpodbiel.sk\/?p=7810","title":{"rendered":"Letn\u00e1 brig\u00e1da"},"content":{"rendered":"<p><strong><br \/>\n<a href=\"http:\/\/www.cykloklubpodbiel.sk\/wp-content\/uploads\/2015\/06\/DSC00488.jpg\"><img loading=\"lazy\" class=\" size-medium wp-image-7814 alignleft\" src=\"http:\/\/www.cykloklubpodbiel.sk\/wp-content\/uploads\/2015\/06\/DSC00488-300x200.jpg\" alt=\"DSC00488\" width=\"300\" height=\"200\" srcset=\"https:\/\/www.cykloklubpodbiel.sk\/wp-content\/uploads\/2015\/06\/DSC00488-300x200.jpg 300w, https:\/\/www.cykloklubpodbiel.sk\/wp-content\/uploads\/2015\/06\/DSC00488-1024x682.jpg 1024w, https:\/\/www.cykloklubpodbiel.sk\/wp-content\/uploads\/2015\/06\/DSC00488.jpg 1290w\" sizes=\"(max-width: 300px) 100vw, 300px\" \/><\/a>Na<\/strong> brig\u00e1du v lese netreba \u0161peci\u00e1lnu kvalifik\u00e1ciu sta\u010d\u00ed chu\u0165. A tak\u00fato chu\u0165 mali i \u013dubko K. s Milo\u0161om K. v piatok. Rozhodli sa vy\u017ea\u0165 chodn\u00edk smerom od vodop\u00e1du a\u017e k \u010cervenej skale. N\u00e1m piatim v <span style=\"color: #ff0000;\"><strong>sobotu 27. j\u00fana 2015<\/strong><\/span> \u013dubkovi F., Jojovi K., Dodovi I., Pavlovi K., a \u013dubke K., zostala pr\u00e1ca opravi\u0165 a osadi\u0165 informa\u010dn\u00fa tabu\u013eu, ktor\u00e1 bola zna\u010dne po\u0161koden\u00e1. Po celkovej rekon\u0161trukcii sme rozm\u00fd\u0161\u013eali, kde by sme ju osadili a na\u0161li vhodnej\u0161ie miesto.<\/p>\n<p style=\"text-align: justify;\"><a class=\"aligncenter\" title=\"Letn\u00e1 brig\u00e1da\" href=\"http:\/\/www.cykloklubpodbiel.sk\/?page_id=7820\" target=\"_blank\">&#8230;cel\u00fd \u010dl\u00e1nok<\/a><\/p>\n","protected":false},"excerpt":{"rendered":"<p>Na brig\u00e1du v lese netreba \u0161peci\u00e1lnu kvalifik\u00e1ciu sta\u010d\u00ed chu\u0165. A tak\u00fato chu\u0165 mali i \u013dubko K. s Milo\u0161om K. v piatok. Rozhodli sa vy\u017ea\u0165 chodn\u00edk smerom od vodop\u00e1du a\u017e k \u010cervenej skale. N\u00e1m piatim v sobotu 27. j\u00fana 2015 \u013dubkovi F., Jojovi K., Dodovi I., Pavlovi K., a \u013dubke K., zostala pr\u00e1ca opravi\u0165 a osadi\u0165 [&hellip;]<\/p>\n","protected":false},"author":53,"featured_media":0,"comment_status":"open","ping_status":"open","sticky":false,"template":"","format":"standard","meta":{"advgb_blocks_editor_width":"","advgb_blocks_columns_visual_guide":"","ngg_post_thumbnail":0},"categories":[1],"tags":[],"author_meta":{"display_name":"Lubka","author_link":"https:\/\/www.cykloklubpodbiel.sk\/?author=53"},"featured_img":null,"coauthors":[],"tax_additional":{"categories":{"linked":["<a href=\"https:\/\/www.cykloklubpodbiel.sk\/?cat=1\" class=\"advgb-post-tax-term\">Arch\u00edv<\/a>"],"unlinked":["<span class=\"advgb-post-tax-term\">Arch\u00edv<\/span>"]}},"comment_count":"0","relative_dates":{"created":"Posted 11 years ago","modified":"Updated 10 years ago"},"absolute_dates":{"created":"Posted on 28. J\u00fan 2015","modified":"Updated on 7. Febru\u00e1r 2016"},"absolute_dates_time":{"created":"Posted on 28. J\u00fan 2015 11:18","modified":"Updated on 7. Febru\u00e1r 2016 22:37"},"featured_img_caption":"","series_order":"","_links":{"self":[{"href":"https:\/\/www.cykloklubpodbiel.sk\/index.php?rest_route=\/wp\/v2\/posts\/7810"}],"collection":[{"href":"https:\/\/www.cykloklubpodbiel.sk\/index.php?rest_route=\/wp\/v2\/posts"}],"about":[{"href":"https:\/\/www.cykloklubpodbiel.sk\/index.php?rest_route=\/wp\/v2\/types\/post"}],"author":[{"embeddable":true,"href":"https:\/\/www.cykloklubpodbiel.sk\/index.php?rest_route=\/wp\/v2\/users\/53"}],"replies":[{"embeddable":true,"href":"https:\/\/www.cykloklubpodbiel.sk\/index.php?rest_route=%2Fwp%2Fv2%2Fcomments&post=7810"}],"version-history":[{"count":14,"href":"https:\/\/www.cykloklubpodbiel.sk\/index.php?rest_route=\/wp\/v2\/posts\/7810\/revisions"}],"predecessor-version":[{"id":9097,"href":"https:\/\/www.cykloklubpodbiel.sk\/index.php?rest_route=\/wp\/v2\/posts\/7810\/revisions\/9097"}],"wp:attachment":[{"href":"https:\/\/www.cykloklubpodbiel.sk\/index.php?rest_route=%2Fwp%2Fv2%2Fmedia&parent=7810"}],"wp:term":[{"taxonomy":"category","embeddable":true,"href":"https:\/\/www.cykloklubpodbiel.sk\/index.php?rest_route=%2Fwp%2Fv2%2Fcategories&post=7810"},{"taxonomy":"post_tag","embeddable":true,"href":"https:\/\/www.cykloklubpodbiel.sk\/index.php?rest_route=%2Fwp%2Fv2%2Ftags&post=7810"}],"curies":[{"name":"wp","href":"https:\/\/api.w.org\/{rel}","templated":true}]}}