{"id":7531,"date":"2015-06-04T22:05:00","date_gmt":"2015-06-04T21:05:00","guid":{"rendered":"http:\/\/www.cykloklubpodbiel.sk\/?p=7531"},"modified":"2016-02-07T22:52:23","modified_gmt":"2016-02-07T21:52:23","slug":"spoznavanie-malych-karpat-2","status":"publish","type":"post","link":"https:\/\/www.cykloklubpodbiel.sk\/?p=7531","title":{"rendered":"Spozn\u00e1vanie Mal\u00fdch Karp\u00e1t"},"content":{"rendered":"<p><strong><a href=\"http:\/\/www.cykloklubpodbiel.sk\/wp-content\/uploads\/2015\/06\/DSC00065.jpg\"><img loading=\"lazy\" class=\" size-medium wp-image-7084 alignleft\" src=\"http:\/\/www.cykloklubpodbiel.sk\/wp-content\/uploads\/2015\/06\/DSC00065-300x200.jpg\" alt=\"DSC00065\" width=\"300\" height=\"200\" srcset=\"https:\/\/www.cykloklubpodbiel.sk\/wp-content\/uploads\/2015\/06\/DSC00065-300x200.jpg 300w, https:\/\/www.cykloklubpodbiel.sk\/wp-content\/uploads\/2015\/06\/DSC00065-1024x682.jpg 1024w\" sizes=\"(max-width: 300px) 100vw, 300px\" \/><\/a><br \/>\nV d\u0148och od<\/strong>\u00a0<span style=\"color: #ff0000;\"><strong>21.do 24.m\u00e1ja 2015\u00a0<\/strong><\/span>sa \u010dlenovia cykloturistick\u00e9ho klubu Podbiel z\u00fa\u010dastnili cyklo akcie spozn\u00e1vanie Mal\u00fdch Karp\u00e1t. Na tejto peknej akcii sa n\u00e1s zi\u0161lo 24 \u010dlenov i ne\u010dlenov klubu. S\u00edce n\u00e1m po\u010dasie nedoprialo slnie\u010dko, ale aj pod mrakmi sme si v\u00fdborne zajazdili. Trasy boli na za\u010diatku m\u00e1linko n\u00e1ro\u010dnej\u0161ie, lebo sme museli vyst\u00fapa\u0165 na horizont, ale ke\u010f sme sa tam dostali, \u010dakali n\u00e1s \u00fa\u017easn\u00e9 singltrekov\u00e9 cesti\u010dky, ktor\u00fdch tam bolo ne\u00farekom. Po\u010das na\u0161ich pojazdov sme nav\u0161t\u00edvili r\u00f4zne z\u00e1kutia Mal\u00fdch Karp\u00e1t.<a class=\"aligncenter\" title=\"Spozn\u00e1vanie Mal\u00fdch Karp\u00e1t\" href=\"http:\/\/www.cykloklubpodbiel.sk\/?page_id=7534\" target=\"_blank\">&#8230;cel\u00fd \u010dl\u00e1nok<\/a><\/p>\n","protected":false},"excerpt":{"rendered":"<p>V d\u0148och od\u00a021.do 24.m\u00e1ja 2015\u00a0sa \u010dlenovia cykloturistick\u00e9ho klubu Podbiel z\u00fa\u010dastnili cyklo akcie spozn\u00e1vanie Mal\u00fdch Karp\u00e1t. Na tejto peknej akcii sa n\u00e1s zi\u0161lo 24 \u010dlenov i ne\u010dlenov klubu. S\u00edce n\u00e1m po\u010dasie nedoprialo slnie\u010dko, ale aj pod mrakmi sme si v\u00fdborne zajazdili. Trasy boli na za\u010diatku m\u00e1linko n\u00e1ro\u010dnej\u0161ie, lebo sme museli vyst\u00fapa\u0165 na horizont, ale ke\u010f sme [&hellip;]<\/p>\n","protected":false},"author":53,"featured_media":0,"comment_status":"open","ping_status":"open","sticky":false,"template":"","format":"standard","meta":{"advgb_blocks_editor_width":"","advgb_blocks_columns_visual_guide":"","ngg_post_thumbnail":0},"categories":[1],"tags":[],"author_meta":{"display_name":"Lubka","author_link":"https:\/\/www.cykloklubpodbiel.sk\/?author=53"},"featured_img":null,"coauthors":[],"tax_additional":{"categories":{"linked":["<a href=\"https:\/\/www.cykloklubpodbiel.sk\/?cat=1\" class=\"advgb-post-tax-term\">Arch\u00edv<\/a>"],"unlinked":["<span class=\"advgb-post-tax-term\">Arch\u00edv<\/span>"]}},"comment_count":"0","relative_dates":{"created":"Posted 11 years ago","modified":"Updated 10 years ago"},"absolute_dates":{"created":"Posted on 4. J\u00fan 2015","modified":"Updated on 7. Febru\u00e1r 2016"},"absolute_dates_time":{"created":"Posted on 4. J\u00fan 2015 22:05","modified":"Updated on 7. Febru\u00e1r 2016 22:52"},"featured_img_caption":"","series_order":"","_links":{"self":[{"href":"https:\/\/www.cykloklubpodbiel.sk\/index.php?rest_route=\/wp\/v2\/posts\/7531"}],"collection":[{"href":"https:\/\/www.cykloklubpodbiel.sk\/index.php?rest_route=\/wp\/v2\/posts"}],"about":[{"href":"https:\/\/www.cykloklubpodbiel.sk\/index.php?rest_route=\/wp\/v2\/types\/post"}],"author":[{"embeddable":true,"href":"https:\/\/www.cykloklubpodbiel.sk\/index.php?rest_route=\/wp\/v2\/users\/53"}],"replies":[{"embeddable":true,"href":"https:\/\/www.cykloklubpodbiel.sk\/index.php?rest_route=%2Fwp%2Fv2%2Fcomments&post=7531"}],"version-history":[{"count":7,"href":"https:\/\/www.cykloklubpodbiel.sk\/index.php?rest_route=\/wp\/v2\/posts\/7531\/revisions"}],"predecessor-version":[{"id":9099,"href":"https:\/\/www.cykloklubpodbiel.sk\/index.php?rest_route=\/wp\/v2\/posts\/7531\/revisions\/9099"}],"wp:attachment":[{"href":"https:\/\/www.cykloklubpodbiel.sk\/index.php?rest_route=%2Fwp%2Fv2%2Fmedia&parent=7531"}],"wp:term":[{"taxonomy":"category","embeddable":true,"href":"https:\/\/www.cykloklubpodbiel.sk\/index.php?rest_route=%2Fwp%2Fv2%2Fcategories&post=7531"},{"taxonomy":"post_tag","embeddable":true,"href":"https:\/\/www.cykloklubpodbiel.sk\/index.php?rest_route=%2Fwp%2Fv2%2Ftags&post=7531"}],"curies":[{"name":"wp","href":"https:\/\/api.w.org\/{rel}","templated":true}]}}