{"id":750,"date":"2010-06-06T20:34:27","date_gmt":"2010-06-06T19:34:27","guid":{"rendered":"http:\/\/www.cykloklubpodbiel.sk\/?p=750"},"modified":"2010-06-14T17:05:09","modified_gmt":"2010-06-14T16:05:09","slug":"pozvanka-ii-rocnik-cyklistickych-pretekov","status":"publish","type":"post","link":"https:\/\/www.cykloklubpodbiel.sk\/?p=750","title":{"rendered":"II. ro\u010dn\u00edk cyklistick\u00fdch pretekov"},"content":{"rendered":"<div class=\"mceTemp\">\n<div class=\"mceTemp\"><span style=\"font-size: x-small;\"> <\/span><\/div>\n<div id=\"attachment_199\" style=\"width: 309px\" class=\"wp-caption alignleft\"><a href=\"http:\/\/www.cykloklubpodbiel.sk\/wp-content\/uploads\/2010\/06\/veterani.jpg\"><strong><img aria-describedby=\"caption-attachment-199\" loading=\"lazy\" class=\"size-medium wp-image-150\" title=\"Spolo\u010dn\u00e9 foto veter\u00e1nov\" src=\"http:\/\/www.cykloklubpodbiel.sk\/wp-content\/uploads\/2010\/06\/t_veterani.jpg\" alt=\"Spolo\u010dn\u00e9 foto veter\u00e1nov\" width=\"299\" height=\"199\" \/><\/strong><\/a><p id=\"caption-attachment-199\" class=\"wp-caption-text\">Spolo\u010dn\u00e9 foto veter\u00e1nov<\/p><\/div>\n<p style=\"text-align: justify;\"><strong>V<\/strong> <span style=\"color: #000000;\">nede\u013eu<\/span> <span style=\"color: #ff0000;\"><strong>6.j\u00fana  2010<\/strong><\/span> <span style=\"color: #000000;\">Cykloturistick\u00fd klub Podbiel spolo\u010dne s Obecn\u00fdm \u00faradom v  Podbieli zorganizoval u\u017e<\/span> <strong><a title=\"Plag\u00e1t pretekov\" href=\"http:\/\/www.cykloklubpodbiel.sk\/wp-content\/uploads\/2010\/06\/plagat.jpg\">II. ro\u010dn\u00edk cyklistick\u00fdch pretekov<\/a><\/strong>. <span style=\"color: #000000;\">Po\u010dasie  bolo slne\u010dn\u00e9 a tepl\u00e9, tak\u017ee v\u0161etko nasved\u010dovalo tomu, \u017ee sa tu dnes  stretne ve\u013ea pretek\u00e1rov. Program za\u010dal u\u017e tradi\u010dne jazdou na star\u00fdch  bicykloch po uliciach obce Podbiel. \u00da\u010dastn\u00edci sa predviedli v dobovom  oble\u010den\u00ed a na star\u00fdch bicykloch.\u00a0 Vek bicyklov siahal aj cez 50 rokov.  Bol to jedine\u010dn\u00fd z\u00e1\u017eitok nielen pre n\u00e1s \u00fa\u010dastn\u00edkov, ale ur\u010dite aj pre  mno\u017estvo \u013eud\u00ed, ktor\u00ed n\u00e1s v\u00edtali a povzbudzovali po\u010das trasy.<\/span><a class=\"aligncenter\" title=\"preteky\" href=\"http:\/\/www.cykloklubpodbiel.sk\/?page_id=758\" target=\"_blank\">&#8230;cel\u00fd \u010dl\u00e1nok <\/a><\/p>\n<\/div>\n","protected":false},"excerpt":{"rendered":"<p>V nede\u013eu 6.j\u00fana 2010 Cykloturistick\u00fd klub Podbiel spolo\u010dne s Obecn\u00fdm \u00faradom v Podbieli zorganizoval u\u017e II. ro\u010dn\u00edk cyklistick\u00fdch pretekov. Po\u010dasie bolo slne\u010dn\u00e9 a tepl\u00e9, tak\u017ee v\u0161etko nasved\u010dovalo tomu, \u017ee sa tu dnes stretne ve\u013ea pretek\u00e1rov. Program za\u010dal u\u017e tradi\u010dne jazdou na star\u00fdch bicykloch po uliciach obce Podbiel. \u00da\u010dastn\u00edci sa predviedli v dobovom oble\u010den\u00ed a na [&hellip;]<\/p>\n","protected":false},"author":1,"featured_media":0,"comment_status":"open","ping_status":"open","sticky":false,"template":"","format":"standard","meta":{"advgb_blocks_editor_width":"","advgb_blocks_columns_visual_guide":"","ngg_post_thumbnail":0},"categories":[1],"tags":[],"author_meta":{"display_name":"\u013dubom\u00edr Franko","author_link":"https:\/\/www.cykloklubpodbiel.sk\/?author=1"},"featured_img":null,"coauthors":[],"tax_additional":{"categories":{"linked":["<a href=\"https:\/\/www.cykloklubpodbiel.sk\/?cat=1\" class=\"advgb-post-tax-term\">Arch\u00edv<\/a>"],"unlinked":["<span class=\"advgb-post-tax-term\">Arch\u00edv<\/span>"]}},"comment_count":"0","relative_dates":{"created":"Posted 16 years ago","modified":"Updated 16 years ago"},"absolute_dates":{"created":"Posted on 6. J\u00fan 2010","modified":"Updated on 14. J\u00fan 2010"},"absolute_dates_time":{"created":"Posted on 6. J\u00fan 2010 20:34","modified":"Updated on 14. J\u00fan 2010 17:05"},"featured_img_caption":"","series_order":"","_links":{"self":[{"href":"https:\/\/www.cykloklubpodbiel.sk\/index.php?rest_route=\/wp\/v2\/posts\/750"}],"collection":[{"href":"https:\/\/www.cykloklubpodbiel.sk\/index.php?rest_route=\/wp\/v2\/posts"}],"about":[{"href":"https:\/\/www.cykloklubpodbiel.sk\/index.php?rest_route=\/wp\/v2\/types\/post"}],"author":[{"embeddable":true,"href":"https:\/\/www.cykloklubpodbiel.sk\/index.php?rest_route=\/wp\/v2\/users\/1"}],"replies":[{"embeddable":true,"href":"https:\/\/www.cykloklubpodbiel.sk\/index.php?rest_route=%2Fwp%2Fv2%2Fcomments&post=750"}],"version-history":[{"count":18,"href":"https:\/\/www.cykloklubpodbiel.sk\/index.php?rest_route=\/wp\/v2\/posts\/750\/revisions"}],"predecessor-version":[{"id":809,"href":"https:\/\/www.cykloklubpodbiel.sk\/index.php?rest_route=\/wp\/v2\/posts\/750\/revisions\/809"}],"wp:attachment":[{"href":"https:\/\/www.cykloklubpodbiel.sk\/index.php?rest_route=%2Fwp%2Fv2%2Fmedia&parent=750"}],"wp:term":[{"taxonomy":"category","embeddable":true,"href":"https:\/\/www.cykloklubpodbiel.sk\/index.php?rest_route=%2Fwp%2Fv2%2Fcategories&post=750"},{"taxonomy":"post_tag","embeddable":true,"href":"https:\/\/www.cykloklubpodbiel.sk\/index.php?rest_route=%2Fwp%2Fv2%2Ftags&post=750"}],"curies":[{"name":"wp","href":"https:\/\/api.w.org\/{rel}","templated":true}]}}