{"id":7027,"date":"2015-05-19T20:54:32","date_gmt":"2015-05-19T19:54:32","guid":{"rendered":"http:\/\/www.cykloklubpodbiel.sk\/?p=7027"},"modified":"2015-06-08T17:19:38","modified_gmt":"2015-06-08T16:19:38","slug":"cyklomagistrala-oravice-2","status":"publish","type":"post","link":"https:\/\/www.cykloklubpodbiel.sk\/?p=7027","title":{"rendered":"Cyklomagistr\u00e1la-Oravice"},"content":{"rendered":"<p><a href=\"http:\/\/www.cykloklubpodbiel.sk\/wp-content\/uploads\/2015\/05\/DSC06131.jpg\"><img loading=\"lazy\" class=\" size-medium wp-image-7028 alignleft\" src=\"http:\/\/www.cykloklubpodbiel.sk\/wp-content\/uploads\/2015\/05\/DSC06131-300x225.jpg\" alt=\"DSC06131\" width=\"300\" height=\"225\" srcset=\"https:\/\/www.cykloklubpodbiel.sk\/wp-content\/uploads\/2015\/05\/DSC06131-300x225.jpg 300w, https:\/\/www.cykloklubpodbiel.sk\/wp-content\/uploads\/2015\/05\/DSC06131-1024x768.jpg 1024w\" sizes=\"(max-width: 300px) 100vw, 300px\" \/><\/a>V nede\u013eu\u00a0<span style=\"color: #ff0000;\"><strong>17.m\u00e1ja 2015\u00a0<\/strong><\/span>sme sa skupinka vybrali na Cyklomagistr\u00e1lu do Orav\u00edc. Trochu sme me\u0161kali, ale r\u00fdchlou jazdou sme sa v\u010das dostavili na zah\u00e1jenie \u0161tartu do Trstenej. Tu n\u00e1s u\u017e \u010dakal aj ved\u00faci Edo a \u010fal\u0161\u00ed \u010dlenovia n\u00e1\u0161ho cykloklubu. Na n\u00e1mest\u00ed boli aj ostatn\u00ed \u00fa\u010dastn\u00edci z in\u00fdch miestnych organiz\u00e1ci\u00ed. Po absolvovan\u00ed z\u00e1pisn\u00e9ho a miestnej diev\u010denskej dychovej hudby bol zah\u00e1jen\u00fd spolo\u010dn\u00fd \u0161tart z n\u00e1mestia, ktor\u00e9ho sa z\u00fa\u010dastnilo asi tak 100 cyklistov.<\/p>\n<p><a href=\"http:\/\/www.cykloklubpodbiel.sk\/?page_id=7030\">&#8230;cel\u00fd \u010dl\u00e1nok<\/a><\/p>\n","protected":false},"excerpt":{"rendered":"<p>V nede\u013eu\u00a017.m\u00e1ja 2015\u00a0sme sa skupinka vybrali na Cyklomagistr\u00e1lu do Orav\u00edc. Trochu sme me\u0161kali, ale r\u00fdchlou jazdou sme sa v\u010das dostavili na zah\u00e1jenie \u0161tartu do Trstenej. Tu n\u00e1s u\u017e \u010dakal aj ved\u00faci Edo a \u010fal\u0161\u00ed \u010dlenovia n\u00e1\u0161ho cykloklubu. Na n\u00e1mest\u00ed boli aj ostatn\u00ed \u00fa\u010dastn\u00edci z in\u00fdch miestnych organiz\u00e1ci\u00ed. Po absolvovan\u00ed z\u00e1pisn\u00e9ho a miestnej diev\u010denskej dychovej hudby [&hellip;]<\/p>\n","protected":false},"author":53,"featured_media":0,"comment_status":"open","ping_status":"open","sticky":false,"template":"","format":"standard","meta":{"advgb_blocks_editor_width":"","advgb_blocks_columns_visual_guide":"","ngg_post_thumbnail":0},"categories":[1],"tags":[],"author_meta":{"display_name":"Lubka","author_link":"https:\/\/www.cykloklubpodbiel.sk\/?author=53"},"featured_img":null,"coauthors":[],"tax_additional":{"categories":{"linked":["<a href=\"https:\/\/www.cykloklubpodbiel.sk\/?cat=1\" class=\"advgb-post-tax-term\">Arch\u00edv<\/a>"],"unlinked":["<span class=\"advgb-post-tax-term\">Arch\u00edv<\/span>"]}},"comment_count":"0","relative_dates":{"created":"Posted 11 years ago","modified":"Updated 11 years ago"},"absolute_dates":{"created":"Posted on 19. M\u00e1j 2015","modified":"Updated on 8. J\u00fan 2015"},"absolute_dates_time":{"created":"Posted on 19. M\u00e1j 2015 20:54","modified":"Updated on 8. J\u00fan 2015 17:19"},"featured_img_caption":"","series_order":"","_links":{"self":[{"href":"https:\/\/www.cykloklubpodbiel.sk\/index.php?rest_route=\/wp\/v2\/posts\/7027"}],"collection":[{"href":"https:\/\/www.cykloklubpodbiel.sk\/index.php?rest_route=\/wp\/v2\/posts"}],"about":[{"href":"https:\/\/www.cykloklubpodbiel.sk\/index.php?rest_route=\/wp\/v2\/types\/post"}],"author":[{"embeddable":true,"href":"https:\/\/www.cykloklubpodbiel.sk\/index.php?rest_route=\/wp\/v2\/users\/53"}],"replies":[{"embeddable":true,"href":"https:\/\/www.cykloklubpodbiel.sk\/index.php?rest_route=%2Fwp%2Fv2%2Fcomments&post=7027"}],"version-history":[{"count":5,"href":"https:\/\/www.cykloklubpodbiel.sk\/index.php?rest_route=\/wp\/v2\/posts\/7027\/revisions"}],"predecessor-version":[{"id":7803,"href":"https:\/\/www.cykloklubpodbiel.sk\/index.php?rest_route=\/wp\/v2\/posts\/7027\/revisions\/7803"}],"wp:attachment":[{"href":"https:\/\/www.cykloklubpodbiel.sk\/index.php?rest_route=%2Fwp%2Fv2%2Fmedia&parent=7027"}],"wp:term":[{"taxonomy":"category","embeddable":true,"href":"https:\/\/www.cykloklubpodbiel.sk\/index.php?rest_route=%2Fwp%2Fv2%2Fcategories&post=7027"},{"taxonomy":"post_tag","embeddable":true,"href":"https:\/\/www.cykloklubpodbiel.sk\/index.php?rest_route=%2Fwp%2Fv2%2Ftags&post=7027"}],"curies":[{"name":"wp","href":"https:\/\/api.w.org\/{rel}","templated":true}]}}