{"id":6782,"date":"2015-04-16T19:49:13","date_gmt":"2015-04-16T18:49:13","guid":{"rendered":"http:\/\/www.cykloklubpodbiel.sk\/?p=6782"},"modified":"2015-06-08T17:12:54","modified_gmt":"2015-06-08T16:12:54","slug":"vystup-na-petrovku-3","status":"publish","type":"post","link":"https:\/\/www.cykloklubpodbiel.sk\/?p=6782","title":{"rendered":"V\u00fdstup na Petrovku"},"content":{"rendered":"<p><a href=\"http:\/\/www.cykloklubpodbiel.sk\/wp-content\/uploads\/2015\/04\/P4120113.jpg\"><img loading=\"lazy\" class=\" size-medium wp-image-6729 alignleft\" src=\"http:\/\/www.cykloklubpodbiel.sk\/wp-content\/uploads\/2015\/04\/P4120113-300x225.jpg\" alt=\"OLYMPUS DIGITAL CAMERA\" width=\"300\" height=\"225\" srcset=\"https:\/\/www.cykloklubpodbiel.sk\/wp-content\/uploads\/2015\/04\/P4120113-300x225.jpg 300w, https:\/\/www.cykloklubpodbiel.sk\/wp-content\/uploads\/2015\/04\/P4120113-1024x768.jpg 1024w\" sizes=\"(max-width: 300px) 100vw, 300px\" \/><\/a>T\u00fd\u017ede\u0148 po Ve\u013ekej noci \u00a0v nede\u013eu 12.apr\u00edla , sme mali napl\u00e1novan\u00fd jarn\u00fd v\u00fdstup na Petrovku. R\u00e1no to nevyzeralo najlep\u0161ie,obloha bola dos\u0165 zatiahnut\u00e1. Zraz bol o 10 hod. na&#8221;lentilkovej&#8221;. Pomaly za\u010dali prich\u00e1dza\u0165 prv\u00fd turisti a predstavte si , \u017ee sa n\u00e1s nazbieralo takmer 30 ! V takomto hojnom po\u010dte sme veselo vyrazili. U\u017e pri vodop\u00e1de n\u00e1m vykuklo pr\u00edjemn\u00e9 jarn\u00e9 slnie\u010dko , ktor\u00e9 ob\u010das za\u0161lo za mraky , ale nezapr\u0161alo . Po trase , ktor\u00fa u\u017e mnoh\u00ed z n\u00e1s poznaj\u00fa naspam\u00e4\u0165 sme museli prekon\u00e1va\u0165 drobn\u00e9 prek\u00e1\u017eky ( voda, blato, sneh, spadnut\u00fd strom&#8230;.) ,ale v\u0161etci sme to hravo zvl\u00e1dli.(Ve\u010f nie sme z cukru).<\/p>\n<p><a href=\"http:\/\/www.cykloklubpodbiel.sk\/?page_id=6788\">&#8230;cel\u00fd \u010dl\u00e1nok<\/a><\/p>\n<p>&nbsp;<\/p>\n","protected":false},"excerpt":{"rendered":"<p>T\u00fd\u017ede\u0148 po Ve\u013ekej noci \u00a0v nede\u013eu 12.apr\u00edla , sme mali napl\u00e1novan\u00fd jarn\u00fd v\u00fdstup na Petrovku. R\u00e1no to nevyzeralo najlep\u0161ie,obloha bola dos\u0165 zatiahnut\u00e1. Zraz bol o 10 hod. na&#8221;lentilkovej&#8221;. Pomaly za\u010dali prich\u00e1dza\u0165 prv\u00fd turisti a predstavte si , \u017ee sa n\u00e1s nazbieralo takmer 30 ! V takomto hojnom po\u010dte sme veselo vyrazili. U\u017e pri vodop\u00e1de n\u00e1m [&hellip;]<\/p>\n","protected":false},"author":53,"featured_media":0,"comment_status":"open","ping_status":"open","sticky":false,"template":"","format":"standard","meta":{"advgb_blocks_editor_width":"","advgb_blocks_columns_visual_guide":"","ngg_post_thumbnail":0},"categories":[1],"tags":[],"author_meta":{"display_name":"Lubka","author_link":"https:\/\/www.cykloklubpodbiel.sk\/?author=53"},"featured_img":null,"coauthors":[],"tax_additional":{"categories":{"linked":["<a href=\"https:\/\/www.cykloklubpodbiel.sk\/?cat=1\" class=\"advgb-post-tax-term\">Arch\u00edv<\/a>"],"unlinked":["<span class=\"advgb-post-tax-term\">Arch\u00edv<\/span>"]}},"comment_count":"0","relative_dates":{"created":"Posted 11 years ago","modified":"Updated 11 years ago"},"absolute_dates":{"created":"Posted on 16. Apr\u00edl 2015","modified":"Updated on 8. J\u00fan 2015"},"absolute_dates_time":{"created":"Posted on 16. Apr\u00edl 2015 19:49","modified":"Updated on 8. J\u00fan 2015 17:12"},"featured_img_caption":"","series_order":"","_links":{"self":[{"href":"https:\/\/www.cykloklubpodbiel.sk\/index.php?rest_route=\/wp\/v2\/posts\/6782"}],"collection":[{"href":"https:\/\/www.cykloklubpodbiel.sk\/index.php?rest_route=\/wp\/v2\/posts"}],"about":[{"href":"https:\/\/www.cykloklubpodbiel.sk\/index.php?rest_route=\/wp\/v2\/types\/post"}],"author":[{"embeddable":true,"href":"https:\/\/www.cykloklubpodbiel.sk\/index.php?rest_route=\/wp\/v2\/users\/53"}],"replies":[{"embeddable":true,"href":"https:\/\/www.cykloklubpodbiel.sk\/index.php?rest_route=%2Fwp%2Fv2%2Fcomments&post=6782"}],"version-history":[{"count":10,"href":"https:\/\/www.cykloklubpodbiel.sk\/index.php?rest_route=\/wp\/v2\/posts\/6782\/revisions"}],"predecessor-version":[{"id":7799,"href":"https:\/\/www.cykloklubpodbiel.sk\/index.php?rest_route=\/wp\/v2\/posts\/6782\/revisions\/7799"}],"wp:attachment":[{"href":"https:\/\/www.cykloklubpodbiel.sk\/index.php?rest_route=%2Fwp%2Fv2%2Fmedia&parent=6782"}],"wp:term":[{"taxonomy":"category","embeddable":true,"href":"https:\/\/www.cykloklubpodbiel.sk\/index.php?rest_route=%2Fwp%2Fv2%2Fcategories&post=6782"},{"taxonomy":"post_tag","embeddable":true,"href":"https:\/\/www.cykloklubpodbiel.sk\/index.php?rest_route=%2Fwp%2Fv2%2Ftags&post=6782"}],"curies":[{"name":"wp","href":"https:\/\/api.w.org\/{rel}","templated":true}]}}