{"id":6475,"date":"2015-03-22T23:48:34","date_gmt":"2015-03-22T22:48:34","guid":{"rendered":"http:\/\/www.cykloklubpodbiel.sk\/?p=6475"},"modified":"2015-06-08T22:32:13","modified_gmt":"2015-06-08T21:32:13","slug":"latana-rozlucka-so-snehom-3","status":"publish","type":"post","link":"https:\/\/www.cykloklubpodbiel.sk\/?p=6475","title":{"rendered":"L\u00e1tan\u00e1 -rozl\u00fa\u010dka so snehom"},"content":{"rendered":"<p style=\"text-align: left;\"><a href=\"http:\/\/www.cykloklubpodbiel.sk\/wp-content\/uploads\/2015\/03\/DSC05941.jpg\"><img loading=\"lazy\" class=\" size-medium wp-image-6526 alignleft\" src=\"http:\/\/www.cykloklubpodbiel.sk\/wp-content\/uploads\/2015\/03\/DSC05941-300x225.jpg\" alt=\"DSC05941\" width=\"300\" height=\"225\" srcset=\"https:\/\/www.cykloklubpodbiel.sk\/wp-content\/uploads\/2015\/03\/DSC05941-300x225.jpg 300w, https:\/\/www.cykloklubpodbiel.sk\/wp-content\/uploads\/2015\/03\/DSC05941-1024x768.jpg 1024w\" sizes=\"(max-width: 300px) 100vw, 300px\" \/><\/a><br \/>\n<a href=\"http:\/\/www.cykloklubpodbiel.sk\/wp-content\/uploads\/2015\/03\/DSC059411.jpg\"><br \/>\n<\/a>21.3.2015 sme sa boli rozl\u00fa\u010di\u0165 so snehom na chate L\u00e1tan\u00e1. Chatu nav\u0161t\u00edvilo asi 70 \u013eud\u00ed a z toho 17 \u010dlenov n\u00e1\u0161ho klubu. Po\u010dasie bolo ako v\u017edy zimno-jarn\u00e9, jednoducho \u00fa\u017easn\u00e9. Snehu tam bolo ve\u013ea tak sme si u\u017eili nen\u00e1ro\u010dn\u00fa jazdu na be\u017ek\u00e1ch. Priv\u00edtali n\u00e1s tradi\u010dne, v\u00fdbornou fazu\u013eovo-\u0161o\u0161ovicovou polievkou, ktor\u00fa varili Bo\u010fko a Janko. Na z\u00e1ver sme spievali \u013eudov\u00e9 a country piesne&#8230;<\/p>\n<p style=\"text-align: left;\"><a href=\" http:\/\/www.cykloklubpodbiel.sk\/?page_id=6477\" target=\"_blank\">&#8230;cel\u00fd \u010dl\u00e1nok<\/a><\/p>\n","protected":false},"excerpt":{"rendered":"<p>21.3.2015 sme sa boli rozl\u00fa\u010di\u0165 so snehom na chate L\u00e1tan\u00e1. Chatu nav\u0161t\u00edvilo asi 70 \u013eud\u00ed a z toho 17 \u010dlenov n\u00e1\u0161ho klubu. Po\u010dasie bolo ako v\u017edy zimno-jarn\u00e9, jednoducho \u00fa\u017easn\u00e9. Snehu tam bolo ve\u013ea tak sme si u\u017eili nen\u00e1ro\u010dn\u00fa jazdu na be\u017ek\u00e1ch. Priv\u00edtali n\u00e1s tradi\u010dne, v\u00fdbornou fazu\u013eovo-\u0161o\u0161ovicovou polievkou, ktor\u00fa varili Bo\u010fko a Janko. Na z\u00e1ver sme [&hellip;]<\/p>\n","protected":false},"author":53,"featured_media":0,"comment_status":"open","ping_status":"open","sticky":false,"template":"","format":"standard","meta":{"advgb_blocks_editor_width":"","advgb_blocks_columns_visual_guide":"","ngg_post_thumbnail":0},"categories":[1],"tags":[],"author_meta":{"display_name":"Lubka","author_link":"https:\/\/www.cykloklubpodbiel.sk\/?author=53"},"featured_img":null,"coauthors":[],"tax_additional":{"categories":{"linked":["<a href=\"https:\/\/www.cykloklubpodbiel.sk\/?cat=1\" class=\"advgb-post-tax-term\">Arch\u00edv<\/a>"],"unlinked":["<span class=\"advgb-post-tax-term\">Arch\u00edv<\/span>"]}},"comment_count":"0","relative_dates":{"created":"Posted 11 years ago","modified":"Updated 11 years ago"},"absolute_dates":{"created":"Posted on 22. Marec 2015","modified":"Updated on 8. J\u00fan 2015"},"absolute_dates_time":{"created":"Posted on 22. Marec 2015 23:48","modified":"Updated on 8. J\u00fan 2015 22:32"},"featured_img_caption":"","series_order":"","_links":{"self":[{"href":"https:\/\/www.cykloklubpodbiel.sk\/index.php?rest_route=\/wp\/v2\/posts\/6475"}],"collection":[{"href":"https:\/\/www.cykloklubpodbiel.sk\/index.php?rest_route=\/wp\/v2\/posts"}],"about":[{"href":"https:\/\/www.cykloklubpodbiel.sk\/index.php?rest_route=\/wp\/v2\/types\/post"}],"author":[{"embeddable":true,"href":"https:\/\/www.cykloklubpodbiel.sk\/index.php?rest_route=\/wp\/v2\/users\/53"}],"replies":[{"embeddable":true,"href":"https:\/\/www.cykloklubpodbiel.sk\/index.php?rest_route=%2Fwp%2Fv2%2Fcomments&post=6475"}],"version-history":[{"count":5,"href":"https:\/\/www.cykloklubpodbiel.sk\/index.php?rest_route=\/wp\/v2\/posts\/6475\/revisions"}],"predecessor-version":[{"id":7805,"href":"https:\/\/www.cykloklubpodbiel.sk\/index.php?rest_route=\/wp\/v2\/posts\/6475\/revisions\/7805"}],"wp:attachment":[{"href":"https:\/\/www.cykloklubpodbiel.sk\/index.php?rest_route=%2Fwp%2Fv2%2Fmedia&parent=6475"}],"wp:term":[{"taxonomy":"category","embeddable":true,"href":"https:\/\/www.cykloklubpodbiel.sk\/index.php?rest_route=%2Fwp%2Fv2%2Fcategories&post=6475"},{"taxonomy":"post_tag","embeddable":true,"href":"https:\/\/www.cykloklubpodbiel.sk\/index.php?rest_route=%2Fwp%2Fv2%2Ftags&post=6475"}],"curies":[{"name":"wp","href":"https:\/\/api.w.org\/{rel}","templated":true}]}}