{"id":634,"date":"2010-05-12T08:30:23","date_gmt":"2010-05-12T07:30:23","guid":{"rendered":"http:\/\/www.cykloklubpodbiel.sk\/?p=634"},"modified":"2010-05-12T09:06:36","modified_gmt":"2010-05-12T08:06:36","slug":"najblizsia-akcia-cyklotura-zabiedovo-brezovica","status":"publish","type":"post","link":"https:\/\/www.cykloklubpodbiel.sk\/?p=634","title":{"rendered":"brig\u00e1da na \u010cervenej skale"},"content":{"rendered":"<div class=\"mceTemp\">\n<div class=\"mceTemp\"><span style=\"font-size: x-small;\"> <\/span><\/div>\n<div id=\"attachment_150\" style=\"width: 309px\" class=\"wp-caption alignleft\"><a href=\"http:\/\/www.cykloklubpodbiel.sk\/wp-content\/uploads\/2010\/05\/brigada_cskala.jpg\"><strong><img aria-describedby=\"caption-attachment-150\" loading=\"lazy\" class=\"size-medium wp-image-150\" title=\"Posedenie po dobre vykonanej pr\u00e1ci\" src=\"http:\/\/www.cykloklubpodbiel.sk\/wp-content\/uploads\/2010\/05\/t_brigada_cskala.jpg\" alt=\"Posedenie po dobre vykonanej pr\u00e1ci\" width=\"299\" height=\"199\" \/><\/strong><\/a><p id=\"caption-attachment-150\" class=\"wp-caption-text\">Posedenie po dobre vykonanej pr\u00e1ci<\/p><\/div>\n<p style=\"text-align: justify;\"><span style=\"color: #000000;\"><strong>V<\/strong> sobotu <strong><span style=\"color: #ff0000;\">8.m\u00e1ja 2010<\/span><\/strong> n\u00e1s \u010dakala jedna z prv\u00fdch brig\u00e1d, ktor\u00e9 sme si napl\u00e1novali na tento rok. Bohu\u017eia\u013e po\u010dasie n\u00e1m op\u00e4\u0165 neprialo, cel\u00fd t\u00fd\u017ede\u0148 pr\u0161alo, bolo ve\u013emi mokro a tak sa n\u00e1m nepodarilo dosta\u0165 materi\u00e1l hore na \u010cerven\u00fa skalu. No ani toto sychrav\u00e9 po\u010dasie neodradilo skupinku priaznivcov (bolo n\u00e1s iba sedem), no podarilo sa n\u00e1m vykona\u0165 obrovsk\u00fd kus pr\u00e1ce. V priebehu d\u0148a, ke\u010f ust\u00fapila hmla, pri\u0161lo sa na n\u00e1s pozrie\u0165 aj slnko, ktor\u00e9 n\u00e1s doprev\u00e1dzalo cel\u00e9 dopoludnie.  Ihne\u010f po pr\u00edchode na \u010cerven\u00fa skalu sme si rozdelili pr\u00e1cu. Zdeno aj so svojou p\u00edlou sa pustil do p\u00edlenia&#8230;. <\/span><a class=\"aligncenter\" title=\"cervena_skala\" href=\"http:\/\/www.cykloklubpodbiel.sk\/?page_id=666\" target=\"_blank\">&#8230;cel\u00fd \u010dl\u00e1nok <\/a><\/p>\n<\/div>\n","protected":false},"excerpt":{"rendered":"<p>V sobotu 8.m\u00e1ja 2010 n\u00e1s \u010dakala jedna z prv\u00fdch brig\u00e1d, ktor\u00e9 sme si napl\u00e1novali na tento rok. Bohu\u017eia\u013e po\u010dasie n\u00e1m op\u00e4\u0165 neprialo, cel\u00fd t\u00fd\u017ede\u0148 pr\u0161alo, bolo ve\u013emi mokro a tak sa n\u00e1m nepodarilo dosta\u0165 materi\u00e1l hore na \u010cerven\u00fa skalu. No ani toto sychrav\u00e9 po\u010dasie neodradilo skupinku priaznivcov (bolo n\u00e1s iba sedem), no podarilo sa n\u00e1m [&hellip;]<\/p>\n","protected":false},"author":1,"featured_media":0,"comment_status":"open","ping_status":"open","sticky":false,"template":"","format":"standard","meta":{"advgb_blocks_editor_width":"","advgb_blocks_columns_visual_guide":"","ngg_post_thumbnail":0},"categories":[1],"tags":[],"author_meta":{"display_name":"\u013dubom\u00edr Franko","author_link":"https:\/\/www.cykloklubpodbiel.sk\/?author=1"},"featured_img":null,"coauthors":[],"tax_additional":{"categories":{"linked":["<a href=\"https:\/\/www.cykloklubpodbiel.sk\/?cat=1\" class=\"advgb-post-tax-term\">Arch\u00edv<\/a>"],"unlinked":["<span class=\"advgb-post-tax-term\">Arch\u00edv<\/span>"]}},"comment_count":"0","relative_dates":{"created":"Posted 16 years ago","modified":"Updated 16 years ago"},"absolute_dates":{"created":"Posted on 12. M\u00e1j 2010","modified":"Updated on 12. M\u00e1j 2010"},"absolute_dates_time":{"created":"Posted on 12. M\u00e1j 2010 8:30","modified":"Updated on 12. M\u00e1j 2010 9:06"},"featured_img_caption":"","series_order":"","_links":{"self":[{"href":"https:\/\/www.cykloklubpodbiel.sk\/index.php?rest_route=\/wp\/v2\/posts\/634"}],"collection":[{"href":"https:\/\/www.cykloklubpodbiel.sk\/index.php?rest_route=\/wp\/v2\/posts"}],"about":[{"href":"https:\/\/www.cykloklubpodbiel.sk\/index.php?rest_route=\/wp\/v2\/types\/post"}],"author":[{"embeddable":true,"href":"https:\/\/www.cykloklubpodbiel.sk\/index.php?rest_route=\/wp\/v2\/users\/1"}],"replies":[{"embeddable":true,"href":"https:\/\/www.cykloklubpodbiel.sk\/index.php?rest_route=%2Fwp%2Fv2%2Fcomments&post=634"}],"version-history":[{"count":28,"href":"https:\/\/www.cykloklubpodbiel.sk\/index.php?rest_route=\/wp\/v2\/posts\/634\/revisions"}],"predecessor-version":[{"id":679,"href":"https:\/\/www.cykloklubpodbiel.sk\/index.php?rest_route=\/wp\/v2\/posts\/634\/revisions\/679"}],"wp:attachment":[{"href":"https:\/\/www.cykloklubpodbiel.sk\/index.php?rest_route=%2Fwp%2Fv2%2Fmedia&parent=634"}],"wp:term":[{"taxonomy":"category","embeddable":true,"href":"https:\/\/www.cykloklubpodbiel.sk\/index.php?rest_route=%2Fwp%2Fv2%2Fcategories&post=634"},{"taxonomy":"post_tag","embeddable":true,"href":"https:\/\/www.cykloklubpodbiel.sk\/index.php?rest_route=%2Fwp%2Fv2%2Ftags&post=634"}],"curies":[{"name":"wp","href":"https:\/\/api.w.org\/{rel}","templated":true}]}}