{"id":6101,"date":"2015-03-12T17:45:34","date_gmt":"2015-03-12T16:45:34","guid":{"rendered":"http:\/\/www.cykloklubpodbiel.sk\/?p=6101"},"modified":"2015-03-15T08:21:55","modified_gmt":"2015-03-15T07:21:55","slug":"4-rocnik-veselovskymi-rovnami","status":"publish","type":"post","link":"https:\/\/www.cykloklubpodbiel.sk\/?p=6101","title":{"rendered":"4.ro\u010dn\u00edk Veselovsk\u00fdmi rov\u0148ami"},"content":{"rendered":"<p><a href=\"http:\/\/www.cykloklubpodbiel.sk\/wp-content\/uploads\/2015\/03\/vesele.jpg\"><img loading=\"lazy\" class=\"alignleft size-medium wp-image-4603\" title=\"Oddych na Veselovsk\u00fdch rovniach\" src=\"http:\/\/www.cykloklubpodbiel.sk\/wp-content\/uploads\/2015\/03\/t_vesele.jpg\" alt=\"Oddych na Veselovsk\u00fdch rovniach\" width=\"299\" height=\"199\" \/><\/a><strong>V<\/strong>\u00a0sobotu\u00a0<span style=\"color: #ff0000;\"><strong>7.marca 2015\u00a0<\/strong><\/span>sme sme po prv\u00fd kr\u00e1t zav\u00edtali na prechod do Oravsk\u00e9ho Vesel\u00e9ho, kde sa konal 4.ro\u010dn\u00edk prech\u00e1dzky Veselovsk\u00fdmi rov\u0148ami. Zr\u00e1na bolo s\u00edce chladno, ale v\u0161etko k tomu nasved\u010dovalo, \u017ee n\u00e1s dnes \u010dak\u00e1 kr\u00e1sny slne\u010dn\u00fd a tepl\u00fd de\u0148. Pri prvom st\u00fapan\u00ed sme sa ani nezad\u00fdchali. Vlekom sme sa toti\u017e vyviezli na najbli\u017e\u0161\u00ed kopec. Odtia\u013e sme pokra\u010dovali lesnou cestou, ktor\u00e1 bola super upraven\u00e1 ratr\u00e1kom. Dostali sme sa a\u017e na najvy\u0161\u0161\u00ed bod prechodu, kde sme si vychutn\u00e1vali u\u017e takmer jarn\u00e9 slnko. Potom sme sa takmer trojkilometrov\u00fdm zjazdom pomedzi zasne\u017een\u00fd les\u00edk dostali a\u017e na Veselovsk\u00e9 rovne, kde n\u00e1m organiz\u00e1tori&#8230; <a class=\"aligncenter\" title=\"Veselovsk\u00fdmi rov\u0148ami\" href=\"http:\/\/www.cykloklubpodbiel.sk\/?page_id=6086\" target=\"_blank\">&#8230;cel\u00fd \u010dl\u00e1nok<\/a><\/p>\n","protected":false},"excerpt":{"rendered":"<p>V\u00a0sobotu\u00a07.marca 2015\u00a0sme sme po prv\u00fd kr\u00e1t zav\u00edtali na prechod do Oravsk\u00e9ho Vesel\u00e9ho, kde sa konal 4.ro\u010dn\u00edk prech\u00e1dzky Veselovsk\u00fdmi rov\u0148ami. Zr\u00e1na bolo s\u00edce chladno, ale v\u0161etko k tomu nasved\u010dovalo, \u017ee n\u00e1s dnes \u010dak\u00e1 kr\u00e1sny slne\u010dn\u00fd a tepl\u00fd de\u0148. Pri prvom st\u00fapan\u00ed sme sa ani nezad\u00fdchali. Vlekom sme sa toti\u017e vyviezli na najbli\u017e\u0161\u00ed kopec. Odtia\u013e sme pokra\u010dovali [&hellip;]<\/p>\n","protected":false},"author":1,"featured_media":0,"comment_status":"open","ping_status":"open","sticky":false,"template":"","format":"standard","meta":{"advgb_blocks_editor_width":"","advgb_blocks_columns_visual_guide":"","ngg_post_thumbnail":0},"categories":[1],"tags":[],"author_meta":{"display_name":"\u013dubom\u00edr Franko","author_link":"https:\/\/www.cykloklubpodbiel.sk\/?author=1"},"featured_img":null,"coauthors":[],"tax_additional":{"categories":{"linked":["<a href=\"https:\/\/www.cykloklubpodbiel.sk\/?cat=1\" class=\"advgb-post-tax-term\">Arch\u00edv<\/a>"],"unlinked":["<span class=\"advgb-post-tax-term\">Arch\u00edv<\/span>"]}},"comment_count":"0","relative_dates":{"created":"Posted 11 years ago","modified":"Updated 11 years ago"},"absolute_dates":{"created":"Posted on 12. Marec 2015","modified":"Updated on 15. Marec 2015"},"absolute_dates_time":{"created":"Posted on 12. Marec 2015 17:45","modified":"Updated on 15. Marec 2015 8:21"},"featured_img_caption":"","series_order":"","_links":{"self":[{"href":"https:\/\/www.cykloklubpodbiel.sk\/index.php?rest_route=\/wp\/v2\/posts\/6101"}],"collection":[{"href":"https:\/\/www.cykloklubpodbiel.sk\/index.php?rest_route=\/wp\/v2\/posts"}],"about":[{"href":"https:\/\/www.cykloklubpodbiel.sk\/index.php?rest_route=\/wp\/v2\/types\/post"}],"author":[{"embeddable":true,"href":"https:\/\/www.cykloklubpodbiel.sk\/index.php?rest_route=\/wp\/v2\/users\/1"}],"replies":[{"embeddable":true,"href":"https:\/\/www.cykloklubpodbiel.sk\/index.php?rest_route=%2Fwp%2Fv2%2Fcomments&post=6101"}],"version-history":[{"count":6,"href":"https:\/\/www.cykloklubpodbiel.sk\/index.php?rest_route=\/wp\/v2\/posts\/6101\/revisions"}],"predecessor-version":[{"id":6123,"href":"https:\/\/www.cykloklubpodbiel.sk\/index.php?rest_route=\/wp\/v2\/posts\/6101\/revisions\/6123"}],"wp:attachment":[{"href":"https:\/\/www.cykloklubpodbiel.sk\/index.php?rest_route=%2Fwp%2Fv2%2Fmedia&parent=6101"}],"wp:term":[{"taxonomy":"category","embeddable":true,"href":"https:\/\/www.cykloklubpodbiel.sk\/index.php?rest_route=%2Fwp%2Fv2%2Fcategories&post=6101"},{"taxonomy":"post_tag","embeddable":true,"href":"https:\/\/www.cykloklubpodbiel.sk\/index.php?rest_route=%2Fwp%2Fv2%2Ftags&post=6101"}],"curies":[{"name":"wp","href":"https:\/\/api.w.org\/{rel}","templated":true}]}}