{"id":6084,"date":"2015-03-03T21:36:14","date_gmt":"2015-03-03T20:36:14","guid":{"rendered":"http:\/\/www.cykloklubpodbiel.sk\/?p=6084"},"modified":"2015-03-03T22:36:45","modified_gmt":"2015-03-03T21:36:45","slug":"prechod-ostrazica-cervena-skala-2","status":"publish","type":"post","link":"https:\/\/www.cykloklubpodbiel.sk\/?p=6084","title":{"rendered":"prechod Ostra\u017eica &#8211; \u010cerven\u00e1 skala"},"content":{"rendered":"<p><a href=\"http:\/\/www.cykloklubpodbiel.sk\/wp-content\/uploads\/2015\/03\/ostrazica.jpg\"><img loading=\"lazy\" class=\"alignleft size-medium wp-image-4603\" title=\"Pr\u00edroda na Kub\u00ednskej holi n\u00e1m pripravila n\u00e1dhern\u00fd z\u00e1\u017eitok\" src=\"http:\/\/www.cykloklubpodbiel.sk\/wp-content\/uploads\/2015\/03\/t_ostrazica.jpg\" alt=\"Ostrazica\" width=\"299\" height=\"199\" \/><\/a><strong>K<\/strong>e\u010f sa v\u00e1s op\u00fdta jar, \u010do ste robili v zime, tak mali by ste odpoveda\u0165, \u017ee ste sa pripravovali na turistiku, tak ako v cykloturistickom klube v Podbieli.\u00a0D\u0148a\u00a0<span style=\"color: #ff0000;\"><strong>1.marca 2015<\/strong><\/span>\u00a0sa \u010dlenovia s\u00fastredili pred Obecn\u00fdm \u00faradom v Podbieli, aby mohli odtia\u013e spolo\u010dne od\u0161tartova\u0165 12 km t\u00faru, prechod Ostra\u017eicou na \u010cerven\u00fa skalu. Po\u010dasie n\u00e1m prialo a \u010do bolo na tejto akcii pote\u0161ite\u013en\u00e9, \u017ee predsa len sa \u010dasto nest\u00e1va, aby \u017eena velila deviatim mu\u017eom na t\u00fare. O to viac som mala skvel\u00fd pocit ,\u017ee mne sa to dnes podarilo&#8230;. Rezkou ch\u00f4dzou sme sa vydali po hr\u00e1dzi okolo rieky Orava po ceste do Ni\u017enej, kde sme odbo\u010dili k Milo\u0161ovi, ktor\u00fd n\u00e1s \u010dakal&#8230;\u00a0<a class=\"aligncenter\" title=\"Ostra\u017eica\" href=\"http:\/\/www.cykloklubpodbiel.sk\/?page_id=6062\" target=\"_blank\">&#8230;cel\u00fd \u010dl\u00e1nok<\/a><\/p>\n","protected":false},"excerpt":{"rendered":"<p>Ke\u010f sa v\u00e1s op\u00fdta jar, \u010do ste robili v zime, tak mali by ste odpoveda\u0165, \u017ee ste sa pripravovali na turistiku, tak ako v cykloturistickom klube v Podbieli.\u00a0D\u0148a\u00a01.marca 2015\u00a0sa \u010dlenovia s\u00fastredili pred Obecn\u00fdm \u00faradom v Podbieli, aby mohli odtia\u013e spolo\u010dne od\u0161tartova\u0165 12 km t\u00faru, prechod Ostra\u017eicou na \u010cerven\u00fa skalu. Po\u010dasie n\u00e1m prialo a \u010do bolo [&hellip;]<\/p>\n","protected":false},"author":1,"featured_media":0,"comment_status":"open","ping_status":"open","sticky":false,"template":"","format":"standard","meta":{"advgb_blocks_editor_width":"","advgb_blocks_columns_visual_guide":"","ngg_post_thumbnail":0},"categories":[1],"tags":[],"author_meta":{"display_name":"\u013dubom\u00edr Franko","author_link":"https:\/\/www.cykloklubpodbiel.sk\/?author=1"},"featured_img":null,"coauthors":[],"tax_additional":{"categories":{"linked":["<a href=\"https:\/\/www.cykloklubpodbiel.sk\/?cat=1\" class=\"advgb-post-tax-term\">Arch\u00edv<\/a>"],"unlinked":["<span class=\"advgb-post-tax-term\">Arch\u00edv<\/span>"]}},"comment_count":"0","relative_dates":{"created":"Posted 11 years ago","modified":"Updated 11 years ago"},"absolute_dates":{"created":"Posted on 3. Marec 2015","modified":"Updated on 3. Marec 2015"},"absolute_dates_time":{"created":"Posted on 3. Marec 2015 21:36","modified":"Updated on 3. Marec 2015 22:36"},"featured_img_caption":"","series_order":"","_links":{"self":[{"href":"https:\/\/www.cykloklubpodbiel.sk\/index.php?rest_route=\/wp\/v2\/posts\/6084"}],"collection":[{"href":"https:\/\/www.cykloklubpodbiel.sk\/index.php?rest_route=\/wp\/v2\/posts"}],"about":[{"href":"https:\/\/www.cykloklubpodbiel.sk\/index.php?rest_route=\/wp\/v2\/types\/post"}],"author":[{"embeddable":true,"href":"https:\/\/www.cykloklubpodbiel.sk\/index.php?rest_route=\/wp\/v2\/users\/1"}],"replies":[{"embeddable":true,"href":"https:\/\/www.cykloklubpodbiel.sk\/index.php?rest_route=%2Fwp%2Fv2%2Fcomments&post=6084"}],"version-history":[{"count":4,"href":"https:\/\/www.cykloklubpodbiel.sk\/index.php?rest_route=\/wp\/v2\/posts\/6084\/revisions"}],"predecessor-version":[{"id":6098,"href":"https:\/\/www.cykloklubpodbiel.sk\/index.php?rest_route=\/wp\/v2\/posts\/6084\/revisions\/6098"}],"wp:attachment":[{"href":"https:\/\/www.cykloklubpodbiel.sk\/index.php?rest_route=%2Fwp%2Fv2%2Fmedia&parent=6084"}],"wp:term":[{"taxonomy":"category","embeddable":true,"href":"https:\/\/www.cykloklubpodbiel.sk\/index.php?rest_route=%2Fwp%2Fv2%2Fcategories&post=6084"},{"taxonomy":"post_tag","embeddable":true,"href":"https:\/\/www.cykloklubpodbiel.sk\/index.php?rest_route=%2Fwp%2Fv2%2Ftags&post=6084"}],"curies":[{"name":"wp","href":"https:\/\/api.w.org\/{rel}","templated":true}]}}