{"id":5991,"date":"2015-02-17T20:29:21","date_gmt":"2015-02-17T19:29:21","guid":{"rendered":"http:\/\/www.cykloklubpodbiel.sk\/?p=5991"},"modified":"2015-02-20T20:29:46","modified_gmt":"2015-02-20T19:29:46","slug":"36-rocnik-piatimi-holami-hrustin","status":"publish","type":"post","link":"https:\/\/www.cykloklubpodbiel.sk\/?p=5991","title":{"rendered":"36.ro\u010dn\u00edk Piatimi ho\u013eami Hru\u0161t\u00edn"},"content":{"rendered":"<p><a href=\"http:\/\/www.cykloklubpodbiel.sk\/wp-content\/uploads\/2015\/02\/hrustin.jpg\"><img loading=\"lazy\" class=\"alignleft size-medium wp-image-4603\" title=\"Pr\u00edroda na Kub\u00ednskej holi n\u00e1m pripravila n\u00e1dhern\u00fd z\u00e1\u017eitok\" src=\"http:\/\/www.cykloklubpodbiel.sk\/wp-content\/uploads\/2015\/02\/t_hrustin.jpg\" alt=\"Piatimi ho\u013eami Hru\u0161t\u00edn\" width=\"299\" height=\"199\" \/><\/a><strong>V<\/strong>\u00a0sobotu\u00a0<span style=\"color: #ff0000;\"><strong>14. febru\u00e1ra 2015\u00a0<\/strong><\/span>sme sa po prv\u00fd kr\u00e1t vydali na jednu z najdlh\u0161\u00edch a najn\u00e1ro\u010dnej\u0161\u00edch be\u017eeck\u00fdch tr\u00e1s na Orave v d\u013a\u017eke 30 km a s prev\u00fd\u0161en\u00edm takmer 1000 m.\u00a0R\u00e1no n\u00e1s v Hru\u0161t\u00edne pri registr\u00e1cii priv\u00edtala \u017eiv\u00e1 muzika, ktor\u00e1 n\u00e1m hne\u010f rozpr\u00fadila krv v \u017eil\u00e1ch. R\u00e1no bolo mraziv\u00e9, ale zato n\u00e1s hrialo pr\u00edjemn\u00e9 slnko. Hne\u010f od \u00favodn\u00fdch metrov n\u00e1s \u010dakalo st\u00fapanie po l\u00fakach, prech\u00e1dzali sme zasne\u017een\u00fdm a zmrznut\u00fdm lesom. \u010c\u00edm sme st\u00fapali vy\u0161\u0161ie, t\u00edm sme mali kraj\u0161ie v\u00fdh\u013eady na okolie. Pri\u0161li na rad aj strm\u0161ie a n\u00e1ro\u010dnej\u0161ie klesanie, ktor\u00e9 mali mno\u017estvo z\u00e1krut. P\u00e1dov bolo neskuto\u010dne ve\u013ea, no ale ke\u010f\u017ee bolo&#8230;\u00a0<a class=\"aligncenter\" title=\"Piatimi ho\u013eami Hru\u0161t\u00edn\" href=\"http:\/\/www.cykloklubpodbiel.sk\/?page_id=5994\" target=\"_blank\">&#8230;cel\u00fd \u010dl\u00e1nok<\/a><\/p>\n","protected":false},"excerpt":{"rendered":"<p>V\u00a0sobotu\u00a014. febru\u00e1ra 2015\u00a0sme sa po prv\u00fd kr\u00e1t vydali na jednu z najdlh\u0161\u00edch a najn\u00e1ro\u010dnej\u0161\u00edch be\u017eeck\u00fdch tr\u00e1s na Orave v d\u013a\u017eke 30 km a s prev\u00fd\u0161en\u00edm takmer 1000 m.\u00a0R\u00e1no n\u00e1s v Hru\u0161t\u00edne pri registr\u00e1cii priv\u00edtala \u017eiv\u00e1 muzika, ktor\u00e1 n\u00e1m hne\u010f rozpr\u00fadila krv v \u017eil\u00e1ch. R\u00e1no bolo mraziv\u00e9, ale zato n\u00e1s hrialo pr\u00edjemn\u00e9 slnko. Hne\u010f od \u00favodn\u00fdch [&hellip;]<\/p>\n","protected":false},"author":1,"featured_media":0,"comment_status":"open","ping_status":"open","sticky":false,"template":"","format":"standard","meta":{"advgb_blocks_editor_width":"","advgb_blocks_columns_visual_guide":"","ngg_post_thumbnail":0},"categories":[1],"tags":[],"author_meta":{"display_name":"\u013dubom\u00edr Franko","author_link":"https:\/\/www.cykloklubpodbiel.sk\/?author=1"},"featured_img":null,"coauthors":[],"tax_additional":{"categories":{"linked":["<a href=\"https:\/\/www.cykloklubpodbiel.sk\/?cat=1\" class=\"advgb-post-tax-term\">Arch\u00edv<\/a>"],"unlinked":["<span class=\"advgb-post-tax-term\">Arch\u00edv<\/span>"]}},"comment_count":"0","relative_dates":{"created":"Posted 11 years ago","modified":"Updated 11 years ago"},"absolute_dates":{"created":"Posted on 17. Febru\u00e1r 2015","modified":"Updated on 20. Febru\u00e1r 2015"},"absolute_dates_time":{"created":"Posted on 17. Febru\u00e1r 2015 20:29","modified":"Updated on 20. Febru\u00e1r 2015 20:29"},"featured_img_caption":"","series_order":"","_links":{"self":[{"href":"https:\/\/www.cykloklubpodbiel.sk\/index.php?rest_route=\/wp\/v2\/posts\/5991"}],"collection":[{"href":"https:\/\/www.cykloklubpodbiel.sk\/index.php?rest_route=\/wp\/v2\/posts"}],"about":[{"href":"https:\/\/www.cykloklubpodbiel.sk\/index.php?rest_route=\/wp\/v2\/types\/post"}],"author":[{"embeddable":true,"href":"https:\/\/www.cykloklubpodbiel.sk\/index.php?rest_route=\/wp\/v2\/users\/1"}],"replies":[{"embeddable":true,"href":"https:\/\/www.cykloklubpodbiel.sk\/index.php?rest_route=%2Fwp%2Fv2%2Fcomments&post=5991"}],"version-history":[{"count":5,"href":"https:\/\/www.cykloklubpodbiel.sk\/index.php?rest_route=\/wp\/v2\/posts\/5991\/revisions"}],"predecessor-version":[{"id":6036,"href":"https:\/\/www.cykloklubpodbiel.sk\/index.php?rest_route=\/wp\/v2\/posts\/5991\/revisions\/6036"}],"wp:attachment":[{"href":"https:\/\/www.cykloklubpodbiel.sk\/index.php?rest_route=%2Fwp%2Fv2%2Fmedia&parent=5991"}],"wp:term":[{"taxonomy":"category","embeddable":true,"href":"https:\/\/www.cykloklubpodbiel.sk\/index.php?rest_route=%2Fwp%2Fv2%2Fcategories&post=5991"},{"taxonomy":"post_tag","embeddable":true,"href":"https:\/\/www.cykloklubpodbiel.sk\/index.php?rest_route=%2Fwp%2Fv2%2Ftags&post=5991"}],"curies":[{"name":"wp","href":"https:\/\/api.w.org\/{rel}","templated":true}]}}