{"id":5969,"date":"2015-02-10T20:27:43","date_gmt":"2015-02-10T19:27:43","guid":{"rendered":"http:\/\/www.cykloklubpodbiel.sk\/?p=5969"},"modified":"2015-02-10T21:28:07","modified_gmt":"2015-02-10T20:28:07","slug":"29-rocnik-podbielanskou-magurou","status":"publish","type":"post","link":"https:\/\/www.cykloklubpodbiel.sk\/?p=5969","title":{"rendered":"29.ro\u010dn\u00edk Podbielanskou Magurou"},"content":{"rendered":"<p><a href=\"http:\/\/www.cykloklubpodbiel.sk\/wp-content\/uploads\/2015\/02\/magura.jpg\"><img loading=\"lazy\" class=\"alignleft size-medium wp-image-4603\" title=\"po dosiahnut\u00ed najvy\u0161\u0161ieho bodu pre pe\u0161\u00edch, Petrovky\" src=\"http:\/\/www.cykloklubpodbiel.sk\/wp-content\/uploads\/2015\/02\/t_magura.jpg\" alt=\"Podbielanskou Magurou\" width=\"299\" height=\"199\" \/><\/a><strong>V<\/strong>\u00a0sobotu\u00a0<span style=\"color: #ff0000;\"><strong>7. febru\u00e1ra 2015\u00a0<\/strong><\/span>sme sa stretli na parkovisku pri \u017eelezni\u010dnej stanici na u\u017e tradi\u010dnej zimnej akcii prechodu Podbielanskou Magurou. Po zaplaten\u00ed \u00fa\u010dastn\u00edckeho poplatku sme sa vydali po dobre zna\u010dkovanej trati pe\u0161i Hore\u010derven\u00fdm. Ke\u010f\u017ee snehov\u00e9 podmienky boli vhodn\u00e9 aj na ly\u017ee, niektor\u00ed pre\u0161li tra\u0165 na be\u017ek\u00e1ch. Po\u010dasie n\u00e1m prialo a slnie\u010dko n\u00e1m po cel\u00fa t\u00faru zohrievalo na\u0161e spoten\u00e9 tel\u00e1. Ob\u010das sa i \u0161m\u00fdkalo a tak sme si museli d\u00e1va\u0165 pozor, aby sme nespadli. Po v\u00fdstupe sme dorazili na vrchol n\u00e1\u0161ho turistick\u00e9ho cie\u013ea, Petrovku. Tu n\u00e1s \u010dakala ve\u013ek\u00e1 vatra, tepl\u00fd \u010daj a pochutnali si na dom\u00e1cich opekan\u00fdch \u0161pecialit\u00e1ch. Asi&#8230;<\/p>\n<p><a class=\"aligncenter\" title=\"Podbielanskou Magurou\" href=\"http:\/\/www.cykloklubpodbiel.sk\/?page_id=5973\" target=\"_blank\">&#8230;cel\u00fd \u010dl\u00e1nok<\/a><\/p>\n","protected":false},"excerpt":{"rendered":"<p>V\u00a0sobotu\u00a07. febru\u00e1ra 2015\u00a0sme sa stretli na parkovisku pri \u017eelezni\u010dnej stanici na u\u017e tradi\u010dnej zimnej akcii prechodu Podbielanskou Magurou. Po zaplaten\u00ed \u00fa\u010dastn\u00edckeho poplatku sme sa vydali po dobre zna\u010dkovanej trati pe\u0161i Hore\u010derven\u00fdm. Ke\u010f\u017ee snehov\u00e9 podmienky boli vhodn\u00e9 aj na ly\u017ee, niektor\u00ed pre\u0161li tra\u0165 na be\u017ek\u00e1ch. Po\u010dasie n\u00e1m prialo a slnie\u010dko n\u00e1m po cel\u00fa t\u00faru zohrievalo na\u0161e [&hellip;]<\/p>\n","protected":false},"author":1,"featured_media":0,"comment_status":"open","ping_status":"open","sticky":false,"template":"","format":"standard","meta":{"advgb_blocks_editor_width":"","advgb_blocks_columns_visual_guide":"","ngg_post_thumbnail":0},"categories":[1],"tags":[],"author_meta":{"display_name":"\u013dubom\u00edr Franko","author_link":"https:\/\/www.cykloklubpodbiel.sk\/?author=1"},"featured_img":null,"coauthors":[],"tax_additional":{"categories":{"linked":["<a href=\"https:\/\/www.cykloklubpodbiel.sk\/?cat=1\" class=\"advgb-post-tax-term\">Arch\u00edv<\/a>"],"unlinked":["<span class=\"advgb-post-tax-term\">Arch\u00edv<\/span>"]}},"comment_count":"0","relative_dates":{"created":"Posted 11 years ago","modified":"Updated 11 years ago"},"absolute_dates":{"created":"Posted on 10. Febru\u00e1r 2015","modified":"Updated on 10. Febru\u00e1r 2015"},"absolute_dates_time":{"created":"Posted on 10. Febru\u00e1r 2015 20:27","modified":"Updated on 10. Febru\u00e1r 2015 21:28"},"featured_img_caption":"","series_order":"","_links":{"self":[{"href":"https:\/\/www.cykloklubpodbiel.sk\/index.php?rest_route=\/wp\/v2\/posts\/5969"}],"collection":[{"href":"https:\/\/www.cykloklubpodbiel.sk\/index.php?rest_route=\/wp\/v2\/posts"}],"about":[{"href":"https:\/\/www.cykloklubpodbiel.sk\/index.php?rest_route=\/wp\/v2\/types\/post"}],"author":[{"embeddable":true,"href":"https:\/\/www.cykloklubpodbiel.sk\/index.php?rest_route=\/wp\/v2\/users\/1"}],"replies":[{"embeddable":true,"href":"https:\/\/www.cykloklubpodbiel.sk\/index.php?rest_route=%2Fwp%2Fv2%2Fcomments&post=5969"}],"version-history":[{"count":5,"href":"https:\/\/www.cykloklubpodbiel.sk\/index.php?rest_route=\/wp\/v2\/posts\/5969\/revisions"}],"predecessor-version":[{"id":5984,"href":"https:\/\/www.cykloklubpodbiel.sk\/index.php?rest_route=\/wp\/v2\/posts\/5969\/revisions\/5984"}],"wp:attachment":[{"href":"https:\/\/www.cykloklubpodbiel.sk\/index.php?rest_route=%2Fwp%2Fv2%2Fmedia&parent=5969"}],"wp:term":[{"taxonomy":"category","embeddable":true,"href":"https:\/\/www.cykloklubpodbiel.sk\/index.php?rest_route=%2Fwp%2Fv2%2Fcategories&post=5969"},{"taxonomy":"post_tag","embeddable":true,"href":"https:\/\/www.cykloklubpodbiel.sk\/index.php?rest_route=%2Fwp%2Fv2%2Ftags&post=5969"}],"curies":[{"name":"wp","href":"https:\/\/api.w.org\/{rel}","templated":true}]}}