{"id":5948,"date":"2015-01-31T16:37:16","date_gmt":"2015-01-31T15:37:16","guid":{"rendered":"http:\/\/www.cykloklubpodbiel.sk\/?p=5948"},"modified":"2015-02-10T12:45:06","modified_gmt":"2015-02-10T11:45:06","slug":"prechod-klinanskym-chotarom","status":"publish","type":"post","link":"https:\/\/www.cykloklubpodbiel.sk\/?p=5948","title":{"rendered":"4.ro\u010dn\u00edk Kli\u0148ansk\u00fdm chot\u00e1rom"},"content":{"rendered":"<p><a href=\"http:\/\/www.cykloklubpodbiel.sk\/wp-content\/uploads\/2015\/01\/klin.jpg\"><img loading=\"lazy\" class=\"alignleft size-medium wp-image-4603\" title=\"spolo\u010dn\u00e9 foto pri soche Krista\" src=\"http:\/\/www.cykloklubpodbiel.sk\/wp-content\/uploads\/2015\/01\/t_klin.jpg\" alt=\"Klin Podbiel\" width=\"299\" height=\"199\" \/><\/a><strong>V<\/strong>\u00a0sobotu\u00a0<span style=\"color: #ff0000;\"><strong>31. janu\u00e1ra 2015\u00a0<\/strong><\/span>sme po\u00a0prv\u00fd kr\u00e1t absolvovali\u00a0<strong>prechod Kli\u0148ansk\u00fdm chot\u00e1rom<\/strong>. Aj ke\u010f takmer v\u0161etci abslolvovali tra\u0165 na be\u017ek\u00e1ch, my sme sa\u00a0vybrali pe\u0161i. Po v\u00fddatnom no\u010dnom sne\u017een\u00ed to bolo trochu \u0165a\u017e\u0161ie, ale o to kraj\u0161ie. Kr\u00e1snou zasne\u017eenou zimnou pr\u00edrodou sme putovali takmer 11 km. Prv\u00fa zast\u00e1vku sme mali pri soche Krista, kde sme sa ob\u010derstvili \u010dajom. Tu sa stretali pe\u0161ia a be\u017ek\u00e1rska trasa. \u010ealej sme pokra\u010dovali popri be\u017ek\u00e1rskej trati po hrebeni, chv\u00ed\u013eu l\u00fakami, chv\u00ed\u013eu lesom, a\u017e sme sa dostali na najvy\u0161\u0161\u00ed bod prechodu Vahanov kr\u00ed\u017e. Tu n\u00e1s organiz\u00e1tori pote\u0161ili dom\u00e1cimi makov\u00fdmi a lekv\u00e1rov\u00fdmi buchtami a tepl\u00fdm&#8230;<\/p>\n<p><a class=\"aligncenter\" title=\"Klin\" href=\"http:\/\/www.cykloklubpodbiel.sk\/?page_id=5952\" target=\"_blank\">&#8230;cel\u00fd \u010dl\u00e1nok<\/a><\/p>\n","protected":false},"excerpt":{"rendered":"<p>V\u00a0sobotu\u00a031. janu\u00e1ra 2015\u00a0sme po\u00a0prv\u00fd kr\u00e1t absolvovali\u00a0prechod Kli\u0148ansk\u00fdm chot\u00e1rom. Aj ke\u010f takmer v\u0161etci abslolvovali tra\u0165 na be\u017ek\u00e1ch, my sme sa\u00a0vybrali pe\u0161i. Po v\u00fddatnom no\u010dnom sne\u017een\u00ed to bolo trochu \u0165a\u017e\u0161ie, ale o to kraj\u0161ie. Kr\u00e1snou zasne\u017eenou zimnou pr\u00edrodou sme putovali takmer 11 km. Prv\u00fa zast\u00e1vku sme mali pri soche Krista, kde sme sa ob\u010derstvili \u010dajom. Tu sa [&hellip;]<\/p>\n","protected":false},"author":1,"featured_media":0,"comment_status":"open","ping_status":"open","sticky":false,"template":"","format":"standard","meta":{"advgb_blocks_editor_width":"","advgb_blocks_columns_visual_guide":"","ngg_post_thumbnail":0},"categories":[1],"tags":[],"author_meta":{"display_name":"\u013dubom\u00edr Franko","author_link":"https:\/\/www.cykloklubpodbiel.sk\/?author=1"},"featured_img":null,"coauthors":[],"tax_additional":{"categories":{"linked":["<a href=\"https:\/\/www.cykloklubpodbiel.sk\/?cat=1\" class=\"advgb-post-tax-term\">Arch\u00edv<\/a>"],"unlinked":["<span class=\"advgb-post-tax-term\">Arch\u00edv<\/span>"]}},"comment_count":"0","relative_dates":{"created":"Posted 11 years ago","modified":"Updated 11 years ago"},"absolute_dates":{"created":"Posted on 31. Janu\u00e1r 2015","modified":"Updated on 10. Febru\u00e1r 2015"},"absolute_dates_time":{"created":"Posted on 31. Janu\u00e1r 2015 16:37","modified":"Updated on 10. Febru\u00e1r 2015 12:45"},"featured_img_caption":"","series_order":"","_links":{"self":[{"href":"https:\/\/www.cykloklubpodbiel.sk\/index.php?rest_route=\/wp\/v2\/posts\/5948"}],"collection":[{"href":"https:\/\/www.cykloklubpodbiel.sk\/index.php?rest_route=\/wp\/v2\/posts"}],"about":[{"href":"https:\/\/www.cykloklubpodbiel.sk\/index.php?rest_route=\/wp\/v2\/types\/post"}],"author":[{"embeddable":true,"href":"https:\/\/www.cykloklubpodbiel.sk\/index.php?rest_route=\/wp\/v2\/users\/1"}],"replies":[{"embeddable":true,"href":"https:\/\/www.cykloklubpodbiel.sk\/index.php?rest_route=%2Fwp%2Fv2%2Fcomments&post=5948"}],"version-history":[{"count":9,"href":"https:\/\/www.cykloklubpodbiel.sk\/index.php?rest_route=\/wp\/v2\/posts\/5948\/revisions"}],"predecessor-version":[{"id":5968,"href":"https:\/\/www.cykloklubpodbiel.sk\/index.php?rest_route=\/wp\/v2\/posts\/5948\/revisions\/5968"}],"wp:attachment":[{"href":"https:\/\/www.cykloklubpodbiel.sk\/index.php?rest_route=%2Fwp%2Fv2%2Fmedia&parent=5948"}],"wp:term":[{"taxonomy":"category","embeddable":true,"href":"https:\/\/www.cykloklubpodbiel.sk\/index.php?rest_route=%2Fwp%2Fv2%2Fcategories&post=5948"},{"taxonomy":"post_tag","embeddable":true,"href":"https:\/\/www.cykloklubpodbiel.sk\/index.php?rest_route=%2Fwp%2Fv2%2Ftags&post=5948"}],"curies":[{"name":"wp","href":"https:\/\/api.w.org\/{rel}","templated":true}]}}