{"id":5849,"date":"2015-01-04T12:45:53","date_gmt":"2015-01-04T11:45:53","guid":{"rendered":"http:\/\/www.cykloklubpodbiel.sk\/?p=5849"},"modified":"2015-01-05T12:48:05","modified_gmt":"2015-01-05T11:48:05","slug":"trojkralovy-vystup-na-koniarku","status":"publish","type":"post","link":"https:\/\/www.cykloklubpodbiel.sk\/?p=5849","title":{"rendered":"Trojkr\u00e1\u013eov\u00fd v\u00fdstup na Koniarku"},"content":{"rendered":"<p><a href=\"http:\/\/www.cykloklubpodbiel.sk\/wp-content\/uploads\/2015\/01\/koniarka.jpg\"><img loading=\"lazy\" class=\"alignleft size-medium wp-image-4603\" title=\"atmosf\u00e9ra pri Koniarke\" src=\"http:\/\/www.cykloklubpodbiel.sk\/wp-content\/uploads\/2015\/01\/t_koniarka.jpg\" alt=\"\" width=\"299\" height=\"199\" \/><\/a><strong>V<\/strong>\u00a0sobotu\u00a0<span style=\"color: #ff0000;\"><strong>3.janu\u00e1ra 2015\u00a0<\/strong><\/span>sa\u00a0uskuto\u010dnila prv\u00e1 tohtoro\u010dn\u00e1 akcia\u00a0&#8220;Trojkr\u00e1\u013eov\u00fd v\u00fdstup na Koniarku&#8221;, kde sa pri\u0161lo po sviatkoch prejs\u0165 vy\u0161e 70 \u00fa\u010dastn\u00edkov. Hlavn\u00fdm organiz\u00e1torom bol Jozef Kr\u00fapa, ktor\u00fd aj tento rok prev\u00e1\u017eal \u00fa\u010dastn\u00edkov na svojom tanku, kedy m\u00f4\u017eu v\u010faka nemu absolvova\u0165 tento prechod aj t\u00ed star\u0161\u00ed. No najv\u00e4\u010d\u0161ia rados\u0165 je to pre deti. Pri Koniarke n\u00e1s \u010dakala vatra, kde sme sa mohli zohria\u0165, nie\u010do dobr\u00e9 si opiec\u0165 a hlavne si v\u0161etci spolo\u010dne zaspieva\u0165. Organizovala sa ako ka\u017edoro\u010dne streleck\u00e1 s\u00fa\u0165a\u017e, kde si v\u0161etci \u00fa\u010dastn\u00edci vysk\u00fa\u0161ali svoju mu\u0161ku. A to, \u017ee strelcov m\u00e1me&#8230;<\/p>\n<p style=\"text-align: justify;\"><a class=\"aligncenter\" title=\"Koniarka\" href=\"http:\/\/www.cykloklubpodbiel.sk\/?page_id=5852\" target=\"_blank\">&#8230;cel\u00fd \u010dl\u00e1nok<\/a><\/p>\n","protected":false},"excerpt":{"rendered":"<p>V\u00a0sobotu\u00a03.janu\u00e1ra 2015\u00a0sa\u00a0uskuto\u010dnila prv\u00e1 tohtoro\u010dn\u00e1 akcia\u00a0&#8220;Trojkr\u00e1\u013eov\u00fd v\u00fdstup na Koniarku&#8221;, kde sa pri\u0161lo po sviatkoch prejs\u0165 vy\u0161e 70 \u00fa\u010dastn\u00edkov. Hlavn\u00fdm organiz\u00e1torom bol Jozef Kr\u00fapa, ktor\u00fd aj tento rok prev\u00e1\u017eal \u00fa\u010dastn\u00edkov na svojom tanku, kedy m\u00f4\u017eu v\u010faka nemu absolvova\u0165 tento prechod aj t\u00ed star\u0161\u00ed. No najv\u00e4\u010d\u0161ia rados\u0165 je to pre deti. Pri Koniarke n\u00e1s \u010dakala vatra, kde sme [&hellip;]<\/p>\n","protected":false},"author":1,"featured_media":0,"comment_status":"open","ping_status":"open","sticky":false,"template":"","format":"standard","meta":{"advgb_blocks_editor_width":"","advgb_blocks_columns_visual_guide":"","ngg_post_thumbnail":0},"categories":[1],"tags":[],"author_meta":{"display_name":"\u013dubom\u00edr Franko","author_link":"https:\/\/www.cykloklubpodbiel.sk\/?author=1"},"featured_img":null,"coauthors":[],"tax_additional":{"categories":{"linked":["<a href=\"https:\/\/www.cykloklubpodbiel.sk\/?cat=1\" class=\"advgb-post-tax-term\">Arch\u00edv<\/a>"],"unlinked":["<span class=\"advgb-post-tax-term\">Arch\u00edv<\/span>"]}},"comment_count":"0","relative_dates":{"created":"Posted 11 years ago","modified":"Updated 11 years ago"},"absolute_dates":{"created":"Posted on 4. Janu\u00e1r 2015","modified":"Updated on 5. Janu\u00e1r 2015"},"absolute_dates_time":{"created":"Posted on 4. Janu\u00e1r 2015 12:45","modified":"Updated on 5. Janu\u00e1r 2015 12:48"},"featured_img_caption":"","series_order":"","_links":{"self":[{"href":"https:\/\/www.cykloklubpodbiel.sk\/index.php?rest_route=\/wp\/v2\/posts\/5849"}],"collection":[{"href":"https:\/\/www.cykloklubpodbiel.sk\/index.php?rest_route=\/wp\/v2\/posts"}],"about":[{"href":"https:\/\/www.cykloklubpodbiel.sk\/index.php?rest_route=\/wp\/v2\/types\/post"}],"author":[{"embeddable":true,"href":"https:\/\/www.cykloklubpodbiel.sk\/index.php?rest_route=\/wp\/v2\/users\/1"}],"replies":[{"embeddable":true,"href":"https:\/\/www.cykloklubpodbiel.sk\/index.php?rest_route=%2Fwp%2Fv2%2Fcomments&post=5849"}],"version-history":[{"count":6,"href":"https:\/\/www.cykloklubpodbiel.sk\/index.php?rest_route=\/wp\/v2\/posts\/5849\/revisions"}],"predecessor-version":[{"id":5862,"href":"https:\/\/www.cykloklubpodbiel.sk\/index.php?rest_route=\/wp\/v2\/posts\/5849\/revisions\/5862"}],"wp:attachment":[{"href":"https:\/\/www.cykloklubpodbiel.sk\/index.php?rest_route=%2Fwp%2Fv2%2Fmedia&parent=5849"}],"wp:term":[{"taxonomy":"category","embeddable":true,"href":"https:\/\/www.cykloklubpodbiel.sk\/index.php?rest_route=%2Fwp%2Fv2%2Fcategories&post=5849"},{"taxonomy":"post_tag","embeddable":true,"href":"https:\/\/www.cykloklubpodbiel.sk\/index.php?rest_route=%2Fwp%2Fv2%2Ftags&post=5849"}],"curies":[{"name":"wp","href":"https:\/\/api.w.org\/{rel}","templated":true}]}}