{"id":5731,"date":"2014-08-03T18:27:51","date_gmt":"2014-08-03T17:27:51","guid":{"rendered":"http:\/\/www.cykloklubpodbiel.sk\/?p=5731"},"modified":"2014-08-04T18:28:09","modified_gmt":"2014-08-04T17:28:09","slug":"cyklotura-do-malatinej","status":"publish","type":"post","link":"https:\/\/www.cykloklubpodbiel.sk\/?p=5731","title":{"rendered":"cyklot\u00fara do Malatinej"},"content":{"rendered":"<p><a href=\"http:\/\/www.cykloklubpodbiel.sk\/wp-content\/uploads\/2014\/07\/malatina.jpg\"><img loading=\"lazy\" class=\"alignleft size-medium wp-image-4603\" title=\"Pri L\u00fa\u010dianskom vodop\u00e1de v L\u00fa\u010dkach\" alt=\"\" src=\"http:\/\/www.cykloklubpodbiel.sk\/wp-content\/uploads\/2014\/07\/t_malatina.jpg\" width=\"299\" height=\"199\" \/><\/a><strong>V<\/strong>\u00a0nede\u013eu <span style=\"color: #ff0000;\"><strong>13.j\u00fala 2014 <\/strong><\/span>n\u00e1s \u010dakala cyklot\u00fara na Ba\u010dovsk\u00e9 dni do Malatinej. U\u017e r\u00e1no sme za slne\u010dn\u00e9ho po\u010dasia vyrazili smerom na Chlebnice, odkia\u013e n\u00e1s \u010dakalo n\u00e1ro\u010dn\u00e9 st\u00fapanie po\u013enou cesti\u010dkou a\u017e takmer do Malatinej. Ka\u017ed\u00fd dal do tohoto kopca v\u0161etky sily a o chv\u00ed\u013eu bol aj tento &#8220;strm\u00e1k&#8221; pokoren\u00fd. V Malatinej u\u017e boli rozlo\u017een\u00e9 st\u00e1nky, rozvoniavali v\u0161elijak\u00e9 dobroty. Mali sme chu\u0165 na trdeln\u00edk, ale bohu\u017eial ich e\u0161te nestihli upiec\u0165. Ochutnali sme aj \u017ein\u010dicu a lango\u0161e. Pokra\u010dovali sme miernym takmer 6 km klesan\u00edm po super cesti\u010dke a\u017e ku Liptovskej Mare. Prezreli sme si m\u00far a pre\u0161tudovali&#8230;<\/p>\n<p style=\"text-align: justify;\"><a class=\"aligncenter\" title=\"Malatina\" href=\"http:\/\/www.cykloklubpodbiel.sk\/?page_id=5734\" target=\"_blank\">&#8230;cel\u00fd \u010dl\u00e1nok<\/a><\/p>\n","protected":false},"excerpt":{"rendered":"<p>V\u00a0nede\u013eu 13.j\u00fala 2014 n\u00e1s \u010dakala cyklot\u00fara na Ba\u010dovsk\u00e9 dni do Malatinej. U\u017e r\u00e1no sme za slne\u010dn\u00e9ho po\u010dasia vyrazili smerom na Chlebnice, odkia\u013e n\u00e1s \u010dakalo n\u00e1ro\u010dn\u00e9 st\u00fapanie po\u013enou cesti\u010dkou a\u017e takmer do Malatinej. Ka\u017ed\u00fd dal do tohoto kopca v\u0161etky sily a o chv\u00ed\u013eu bol aj tento &#8220;strm\u00e1k&#8221; pokoren\u00fd. V Malatinej u\u017e boli rozlo\u017een\u00e9 st\u00e1nky, rozvoniavali v\u0161elijak\u00e9 [&hellip;]<\/p>\n","protected":false},"author":1,"featured_media":0,"comment_status":"open","ping_status":"open","sticky":false,"template":"","format":"standard","meta":{"advgb_blocks_editor_width":"","advgb_blocks_columns_visual_guide":"","ngg_post_thumbnail":0},"categories":[1],"tags":[],"author_meta":{"display_name":"\u013dubom\u00edr Franko","author_link":"https:\/\/www.cykloklubpodbiel.sk\/?author=1"},"featured_img":null,"coauthors":[],"tax_additional":{"categories":{"linked":["<a href=\"https:\/\/www.cykloklubpodbiel.sk\/?cat=1\" class=\"advgb-post-tax-term\">Arch\u00edv<\/a>"],"unlinked":["<span class=\"advgb-post-tax-term\">Arch\u00edv<\/span>"]}},"comment_count":"0","relative_dates":{"created":"Posted 12 years ago","modified":"Updated 12 years ago"},"absolute_dates":{"created":"Posted on 3. August 2014","modified":"Updated on 4. August 2014"},"absolute_dates_time":{"created":"Posted on 3. August 2014 18:27","modified":"Updated on 4. August 2014 18:28"},"featured_img_caption":"","series_order":"","_links":{"self":[{"href":"https:\/\/www.cykloklubpodbiel.sk\/index.php?rest_route=\/wp\/v2\/posts\/5731"}],"collection":[{"href":"https:\/\/www.cykloklubpodbiel.sk\/index.php?rest_route=\/wp\/v2\/posts"}],"about":[{"href":"https:\/\/www.cykloklubpodbiel.sk\/index.php?rest_route=\/wp\/v2\/types\/post"}],"author":[{"embeddable":true,"href":"https:\/\/www.cykloklubpodbiel.sk\/index.php?rest_route=\/wp\/v2\/users\/1"}],"replies":[{"embeddable":true,"href":"https:\/\/www.cykloklubpodbiel.sk\/index.php?rest_route=%2Fwp%2Fv2%2Fcomments&post=5731"}],"version-history":[{"count":4,"href":"https:\/\/www.cykloklubpodbiel.sk\/index.php?rest_route=\/wp\/v2\/posts\/5731\/revisions"}],"predecessor-version":[{"id":5739,"href":"https:\/\/www.cykloklubpodbiel.sk\/index.php?rest_route=\/wp\/v2\/posts\/5731\/revisions\/5739"}],"wp:attachment":[{"href":"https:\/\/www.cykloklubpodbiel.sk\/index.php?rest_route=%2Fwp%2Fv2%2Fmedia&parent=5731"}],"wp:term":[{"taxonomy":"category","embeddable":true,"href":"https:\/\/www.cykloklubpodbiel.sk\/index.php?rest_route=%2Fwp%2Fv2%2Fcategories&post=5731"},{"taxonomy":"post_tag","embeddable":true,"href":"https:\/\/www.cykloklubpodbiel.sk\/index.php?rest_route=%2Fwp%2Fv2%2Ftags&post=5731"}],"curies":[{"name":"wp","href":"https:\/\/api.w.org\/{rel}","templated":true}]}}