{"id":5714,"date":"2014-07-23T19:48:26","date_gmt":"2014-07-23T18:48:26","guid":{"rendered":"http:\/\/www.cykloklubpodbiel.sk\/?p=5714"},"modified":"2014-07-23T21:48:42","modified_gmt":"2014-07-23T20:48:42","slug":"cyklotura-na-huty","status":"publish","type":"post","link":"https:\/\/www.cykloklubpodbiel.sk\/?p=5714","title":{"rendered":"cyklot\u00fara na Huty"},"content":{"rendered":"<p><a href=\"http:\/\/www.cykloklubpodbiel.sk\/wp-content\/uploads\/2014\/07\/huty.jpg\"><img loading=\"lazy\" class=\"alignleft size-medium wp-image-4603\" title=\"Du\u0161an neodolal letn\u00e9mu k\u00fape\u013eu pri mlyne na Oblazoch\" alt=\"\" src=\"http:\/\/www.cykloklubpodbiel.sk\/wp-content\/uploads\/2014\/07\/t_huty.jpg\" width=\"299\" height=\"199\" \/><\/a><strong>V<\/strong>\u00a0nede\u013eu <span style=\"color: #ff0000;\"><strong>20.j\u00fala 2014 <\/strong><\/span>n\u00e1s \u010dakala cyklot\u00fara spojen\u00e1 s opeka\u010dkou na Hut\u00e1ch. U\u017e r\u00e1no bolo ve\u013emi hor\u00face, \u010dakal n\u00e1s \u010fal\u0161\u00ed tropick\u00fd de\u0148. Zi\u0161lo sa n\u00e1s 10 \u010dlenov, ktor\u00ed sa vydali na kopcovit\u00fa trasu dlh\u00fa 47 km. Vyrazili sme vla\u017en\u00fdm tempom smerom do Chlebn\u00edc, kde n\u00e1s \u010dakalo prv\u00e9 ob\u010derstvenie v miestnom &#8220;pohostinstve&#8221;. Tu sme si odd\u00fdchli pred n\u00e1ro\u010dn\u00fdm st\u00fapan\u00edm na Ve\u013ek\u00e9 Borov\u00e9. Niektor\u00e9 \u00faseky boli dos\u0165 n\u00e1ro\u010dn\u00e9, no ka\u017ed\u00fd sa s nimi popasoval ako vedel. Ke\u010f sme v\u0161etci dorazili ku zvonici, pr\u00e1ve zvonila 12-ta hodina. Bol \u010das obeda a tak sme si vytiahli z bat\u00f4\u017etekov nie\u010do&#8230;<\/p>\n<p style=\"text-align: justify;\"><a class=\"aligncenter\" title=\"Huty\" href=\"http:\/\/www.cykloklubpodbiel.sk\/?page_id=5718\" target=\"_blank\">&#8230;cel\u00fd \u010dl\u00e1nok<\/a><\/p>\n","protected":false},"excerpt":{"rendered":"<p>V\u00a0nede\u013eu 20.j\u00fala 2014 n\u00e1s \u010dakala cyklot\u00fara spojen\u00e1 s opeka\u010dkou na Hut\u00e1ch. U\u017e r\u00e1no bolo ve\u013emi hor\u00face, \u010dakal n\u00e1s \u010fal\u0161\u00ed tropick\u00fd de\u0148. Zi\u0161lo sa n\u00e1s 10 \u010dlenov, ktor\u00ed sa vydali na kopcovit\u00fa trasu dlh\u00fa 47 km. Vyrazili sme vla\u017en\u00fdm tempom smerom do Chlebn\u00edc, kde n\u00e1s \u010dakalo prv\u00e9 ob\u010derstvenie v miestnom &#8220;pohostinstve&#8221;. Tu sme si odd\u00fdchli pred [&hellip;]<\/p>\n","protected":false},"author":1,"featured_media":0,"comment_status":"open","ping_status":"open","sticky":false,"template":"","format":"standard","meta":{"advgb_blocks_editor_width":"","advgb_blocks_columns_visual_guide":"","ngg_post_thumbnail":0},"categories":[1],"tags":[],"author_meta":{"display_name":"\u013dubom\u00edr Franko","author_link":"https:\/\/www.cykloklubpodbiel.sk\/?author=1"},"featured_img":null,"coauthors":[],"tax_additional":{"categories":{"linked":["<a href=\"https:\/\/www.cykloklubpodbiel.sk\/?cat=1\" class=\"advgb-post-tax-term\">Arch\u00edv<\/a>"],"unlinked":["<span class=\"advgb-post-tax-term\">Arch\u00edv<\/span>"]}},"comment_count":"0","relative_dates":{"created":"Posted 12 years ago","modified":"Updated 12 years ago"},"absolute_dates":{"created":"Posted on 23. J\u00fal 2014","modified":"Updated on 23. J\u00fal 2014"},"absolute_dates_time":{"created":"Posted on 23. J\u00fal 2014 19:48","modified":"Updated on 23. J\u00fal 2014 21:48"},"featured_img_caption":"","series_order":"","_links":{"self":[{"href":"https:\/\/www.cykloklubpodbiel.sk\/index.php?rest_route=\/wp\/v2\/posts\/5714"}],"collection":[{"href":"https:\/\/www.cykloklubpodbiel.sk\/index.php?rest_route=\/wp\/v2\/posts"}],"about":[{"href":"https:\/\/www.cykloklubpodbiel.sk\/index.php?rest_route=\/wp\/v2\/types\/post"}],"author":[{"embeddable":true,"href":"https:\/\/www.cykloklubpodbiel.sk\/index.php?rest_route=\/wp\/v2\/users\/1"}],"replies":[{"embeddable":true,"href":"https:\/\/www.cykloklubpodbiel.sk\/index.php?rest_route=%2Fwp%2Fv2%2Fcomments&post=5714"}],"version-history":[{"count":8,"href":"https:\/\/www.cykloklubpodbiel.sk\/index.php?rest_route=\/wp\/v2\/posts\/5714\/revisions"}],"predecessor-version":[{"id":5730,"href":"https:\/\/www.cykloklubpodbiel.sk\/index.php?rest_route=\/wp\/v2\/posts\/5714\/revisions\/5730"}],"wp:attachment":[{"href":"https:\/\/www.cykloklubpodbiel.sk\/index.php?rest_route=%2Fwp%2Fv2%2Fmedia&parent=5714"}],"wp:term":[{"taxonomy":"category","embeddable":true,"href":"https:\/\/www.cykloklubpodbiel.sk\/index.php?rest_route=%2Fwp%2Fv2%2Fcategories&post=5714"},{"taxonomy":"post_tag","embeddable":true,"href":"https:\/\/www.cykloklubpodbiel.sk\/index.php?rest_route=%2Fwp%2Fv2%2Ftags&post=5714"}],"curies":[{"name":"wp","href":"https:\/\/api.w.org\/{rel}","templated":true}]}}