{"id":5695,"date":"2014-07-01T16:32:32","date_gmt":"2014-07-01T15:32:32","guid":{"rendered":"http:\/\/www.cykloklubpodbiel.sk\/?p=5695"},"modified":"2014-07-03T21:34:01","modified_gmt":"2014-07-03T20:34:01","slug":"vystup-na-rakon","status":"publish","type":"post","link":"https:\/\/www.cykloklubpodbiel.sk\/?p=5695","title":{"rendered":"v\u00fdstup na R\u00e1ko\u0148"},"content":{"rendered":"<p><a href=\"http:\/\/www.cykloklubpodbiel.sk\/wp-content\/uploads\/2014\/06\/rakon.jpg\"><img loading=\"lazy\" class=\"alignleft size-medium wp-image-4603\" title=\"Spolo\u010dn\u00e9 foto v sedle Z\u00e1bra\u010f\" alt=\"\" src=\"http:\/\/www.cykloklubpodbiel.sk\/wp-content\/uploads\/2014\/06\/t_rakon.jpg\" width=\"299\" height=\"199\" \/><\/a><strong>V<\/strong>\u00a0nede\u013eu <span style=\"color: #ff0000;\"><strong>22.j\u00fana 2014 <\/strong><\/span>sme spolu s ni\u017enianskymi turistami absolvovali v\u00fdstup na R\u00e1ko\u0148, kde si uctili pamiatku L.Totha, ktor\u00fd zahynul v Roh\u00e1\u010doch. Za\u010diatok trasy viedol po ceste a\u017e na \u0164atliakovu chatu, kde sme nezabudli ani na \u0164atliakove jazero. Sprev\u00e1dzal n\u00e1s aj \u0161tvornoh\u00fd mil\u00e1\u010dik \u010ciko, ktor\u00fd n\u00e1m pri chate predviedol nev\u00eddan\u00e9 k\u00fasky. Pokra\u010dovali sme do sedla Z\u00e1bra\u010f, kedy sme pri st\u00fapan\u00ed pozorovali e\u0161te st\u00e1le zasne\u017een\u00e9 \u017e\u013eaby. V sedle Z\u00e1bra\u010f sme stretli \u010fal\u0161\u00edch ni\u017enianskych turistov. Samozrejme nesmela ch\u00fdba\u0165 ani spolo\u010dn\u00e1 fotka. Na\u0161im \u010fal\u0161\u00edm cie\u013eom bol&#8230;<\/p>\n<p style=\"text-align: justify;\"><a class=\"aligncenter\" title=\"R\u00e1ko\u0148\" href=\"http:\/\/www.cykloklubpodbiel.sk\/?page_id=5697\" target=\"_blank\">&#8230;cel\u00fd \u010dl\u00e1nok<\/a><\/p>\n","protected":false},"excerpt":{"rendered":"<p>V\u00a0nede\u013eu 22.j\u00fana 2014 sme spolu s ni\u017enianskymi turistami absolvovali v\u00fdstup na R\u00e1ko\u0148, kde si uctili pamiatku L.Totha, ktor\u00fd zahynul v Roh\u00e1\u010doch. Za\u010diatok trasy viedol po ceste a\u017e na \u0164atliakovu chatu, kde sme nezabudli ani na \u0164atliakove jazero. Sprev\u00e1dzal n\u00e1s aj \u0161tvornoh\u00fd mil\u00e1\u010dik \u010ciko, ktor\u00fd n\u00e1m pri chate predviedol nev\u00eddan\u00e9 k\u00fasky. Pokra\u010dovali sme do sedla Z\u00e1bra\u010f, [&hellip;]<\/p>\n","protected":false},"author":1,"featured_media":0,"comment_status":"open","ping_status":"open","sticky":false,"template":"","format":"standard","meta":{"advgb_blocks_editor_width":"","advgb_blocks_columns_visual_guide":"","ngg_post_thumbnail":0},"categories":[1],"tags":[],"author_meta":{"display_name":"\u013dubom\u00edr Franko","author_link":"https:\/\/www.cykloklubpodbiel.sk\/?author=1"},"featured_img":null,"coauthors":[],"tax_additional":{"categories":{"linked":["<a href=\"https:\/\/www.cykloklubpodbiel.sk\/?cat=1\" class=\"advgb-post-tax-term\">Arch\u00edv<\/a>"],"unlinked":["<span class=\"advgb-post-tax-term\">Arch\u00edv<\/span>"]}},"comment_count":"0","relative_dates":{"created":"Posted 12 years ago","modified":"Updated 12 years ago"},"absolute_dates":{"created":"Posted on 1. J\u00fal 2014","modified":"Updated on 3. J\u00fal 2014"},"absolute_dates_time":{"created":"Posted on 1. J\u00fal 2014 16:32","modified":"Updated on 3. J\u00fal 2014 21:34"},"featured_img_caption":"","series_order":"","_links":{"self":[{"href":"https:\/\/www.cykloklubpodbiel.sk\/index.php?rest_route=\/wp\/v2\/posts\/5695"}],"collection":[{"href":"https:\/\/www.cykloklubpodbiel.sk\/index.php?rest_route=\/wp\/v2\/posts"}],"about":[{"href":"https:\/\/www.cykloklubpodbiel.sk\/index.php?rest_route=\/wp\/v2\/types\/post"}],"author":[{"embeddable":true,"href":"https:\/\/www.cykloklubpodbiel.sk\/index.php?rest_route=\/wp\/v2\/users\/1"}],"replies":[{"embeddable":true,"href":"https:\/\/www.cykloklubpodbiel.sk\/index.php?rest_route=%2Fwp%2Fv2%2Fcomments&post=5695"}],"version-history":[{"count":5,"href":"https:\/\/www.cykloklubpodbiel.sk\/index.php?rest_route=\/wp\/v2\/posts\/5695\/revisions"}],"predecessor-version":[{"id":5707,"href":"https:\/\/www.cykloklubpodbiel.sk\/index.php?rest_route=\/wp\/v2\/posts\/5695\/revisions\/5707"}],"wp:attachment":[{"href":"https:\/\/www.cykloklubpodbiel.sk\/index.php?rest_route=%2Fwp%2Fv2%2Fmedia&parent=5695"}],"wp:term":[{"taxonomy":"category","embeddable":true,"href":"https:\/\/www.cykloklubpodbiel.sk\/index.php?rest_route=%2Fwp%2Fv2%2Fcategories&post=5695"},{"taxonomy":"post_tag","embeddable":true,"href":"https:\/\/www.cykloklubpodbiel.sk\/index.php?rest_route=%2Fwp%2Fv2%2Ftags&post=5695"}],"curies":[{"name":"wp","href":"https:\/\/api.w.org\/{rel}","templated":true}]}}