{"id":5645,"date":"2014-05-22T12:08:54","date_gmt":"2014-05-22T11:08:54","guid":{"rendered":"http:\/\/www.cykloklubpodbiel.sk\/?p=5645"},"modified":"2014-05-24T20:28:28","modified_gmt":"2014-05-24T19:28:28","slug":"cyklotura-do-oravic","status":"publish","type":"post","link":"https:\/\/www.cykloklubpodbiel.sk\/?p=5645","title":{"rendered":"cyklot\u00fara do Orav\u00edc"},"content":{"rendered":"<p><a href=\"http:\/\/www.cykloklubpodbiel.sk\/wp-content\/uploads\/2014\/05\/oravice.jpg\"><img loading=\"lazy\" class=\"alignleft size-medium wp-image-4603\" title=\"St\u00fapanie Studenou dolinou v Roh\u00e1\u010doch\" alt=\"\" src=\"http:\/\/www.cykloklubpodbiel.sk\/wp-content\/uploads\/2014\/05\/t_oravice.jpg\" width=\"299\" height=\"199\" \/><\/a><strong>V<\/strong>\u00a0nede\u013eu <span style=\"color: #ff0000;\"><strong>18.m\u00e1ja 2014 <\/strong><\/span>sa na zast\u00e1vke v Podbieli zi\u0161la skupinka a\u017e \u0161tyroch \u013eud\u00ed. Po dlhom a na zr\u00e1\u017eky v\u00fddatnom t\u00fd\u017edni vyzeralo, \u017ee sa po\u010dasie um\u00fadrilo a dali sa vytiahnu\u0165 a prevetra\u0165 bicykle. S\u00edce nad Zubercom n\u00e1s stra\u0161il \u010dierny mrak, ale nedali sme sa odl\u00e1ka\u0165 a za\u010dali sme na\u0161u cyklot\u00faru smerom na Oravsk\u00fa Priehradu. I\u0161lo sa n\u00e1m v\u00fdborne lebo sme mali priazniv\u00fd vietor a pri Priehradnom m\u00fare, ktor\u00fd je moment\u00e1lne v rekon\u0161trukcii, sme sa ocitli celkom r\u00fdchlo. Tu sme sa pristavili a nie\u010do m\u00e1lo odd\u00fdchli, spravili sme p\u00e1r z\u00e1berov s vodnou hladinou priehrady. Poh\u013eady n\u00e1m&#8230;<\/p>\n<p style=\"text-align: justify;\"><a class=\"aligncenter\" title=\"Oravice\" href=\"http:\/\/www.cykloklubpodbiel.sk\/?page_id=5647\" target=\"_blank\">&#8230;cel\u00fd \u010dl\u00e1nok <\/a><\/p>\n","protected":false},"excerpt":{"rendered":"<p>V\u00a0nede\u013eu 18.m\u00e1ja 2014 sa na zast\u00e1vke v Podbieli zi\u0161la skupinka a\u017e \u0161tyroch \u013eud\u00ed. Po dlhom a na zr\u00e1\u017eky v\u00fddatnom t\u00fd\u017edni vyzeralo, \u017ee sa po\u010dasie um\u00fadrilo a dali sa vytiahnu\u0165 a prevetra\u0165 bicykle. S\u00edce nad Zubercom n\u00e1s stra\u0161il \u010dierny mrak, ale nedali sme sa odl\u00e1ka\u0165 a za\u010dali sme na\u0161u cyklot\u00faru smerom na Oravsk\u00fa Priehradu. I\u0161lo sa [&hellip;]<\/p>\n","protected":false},"author":1,"featured_media":0,"comment_status":"open","ping_status":"open","sticky":false,"template":"","format":"standard","meta":{"advgb_blocks_editor_width":"","advgb_blocks_columns_visual_guide":"","ngg_post_thumbnail":0},"categories":[1],"tags":[],"author_meta":{"display_name":"\u013dubom\u00edr Franko","author_link":"https:\/\/www.cykloklubpodbiel.sk\/?author=1"},"featured_img":null,"coauthors":[],"tax_additional":{"categories":{"linked":["<a href=\"https:\/\/www.cykloklubpodbiel.sk\/?cat=1\" class=\"advgb-post-tax-term\">Arch\u00edv<\/a>"],"unlinked":["<span class=\"advgb-post-tax-term\">Arch\u00edv<\/span>"]}},"comment_count":"0","relative_dates":{"created":"Posted 12 years ago","modified":"Updated 12 years ago"},"absolute_dates":{"created":"Posted on 22. M\u00e1j 2014","modified":"Updated on 24. M\u00e1j 2014"},"absolute_dates_time":{"created":"Posted on 22. M\u00e1j 2014 12:08","modified":"Updated on 24. M\u00e1j 2014 20:28"},"featured_img_caption":"","series_order":"","_links":{"self":[{"href":"https:\/\/www.cykloklubpodbiel.sk\/index.php?rest_route=\/wp\/v2\/posts\/5645"}],"collection":[{"href":"https:\/\/www.cykloklubpodbiel.sk\/index.php?rest_route=\/wp\/v2\/posts"}],"about":[{"href":"https:\/\/www.cykloklubpodbiel.sk\/index.php?rest_route=\/wp\/v2\/types\/post"}],"author":[{"embeddable":true,"href":"https:\/\/www.cykloklubpodbiel.sk\/index.php?rest_route=\/wp\/v2\/users\/1"}],"replies":[{"embeddable":true,"href":"https:\/\/www.cykloklubpodbiel.sk\/index.php?rest_route=%2Fwp%2Fv2%2Fcomments&post=5645"}],"version-history":[{"count":4,"href":"https:\/\/www.cykloklubpodbiel.sk\/index.php?rest_route=\/wp\/v2\/posts\/5645\/revisions"}],"predecessor-version":[{"id":5658,"href":"https:\/\/www.cykloklubpodbiel.sk\/index.php?rest_route=\/wp\/v2\/posts\/5645\/revisions\/5658"}],"wp:attachment":[{"href":"https:\/\/www.cykloklubpodbiel.sk\/index.php?rest_route=%2Fwp%2Fv2%2Fmedia&parent=5645"}],"wp:term":[{"taxonomy":"category","embeddable":true,"href":"https:\/\/www.cykloklubpodbiel.sk\/index.php?rest_route=%2Fwp%2Fv2%2Fcategories&post=5645"},{"taxonomy":"post_tag","embeddable":true,"href":"https:\/\/www.cykloklubpodbiel.sk\/index.php?rest_route=%2Fwp%2Fv2%2Ftags&post=5645"}],"curies":[{"name":"wp","href":"https:\/\/api.w.org\/{rel}","templated":true}]}}