{"id":5629,"date":"2014-05-16T17:54:40","date_gmt":"2014-05-16T16:54:40","guid":{"rendered":"http:\/\/www.cykloklubpodbiel.sk\/?p=5629"},"modified":"2014-05-17T20:07:37","modified_gmt":"2014-05-17T19:07:37","slug":"brigada-na-cervenej-skale-2","status":"publish","type":"post","link":"https:\/\/www.cykloklubpodbiel.sk\/?p=5629","title":{"rendered":"brig\u00e1da na \u010cervenej skale"},"content":{"rendered":"<p><a href=\"http:\/\/www.cykloklubpodbiel.sk\/wp-content\/uploads\/2014\/05\/brigadacskala.jpg\"><img loading=\"lazy\" class=\"alignleft size-medium wp-image-4603\" title=\"Pracovn\u00e9 tempo pri v\u00fdstavbe schodov na \u010cerven\u00fa skalu\" alt=\"\" src=\"http:\/\/www.cykloklubpodbiel.sk\/wp-content\/uploads\/2014\/05\/t_brigadacskala.jpg\" width=\"299\" height=\"199\" \/><\/a><strong>V<\/strong>\u00a0sobotu <span style=\"color: #ff0000;\"><strong>10.m\u00e1ja 2014 <\/strong><\/span> r\u00e1no e\u0161te pr\u0161alo, no postupne sa po\u010dasie zlep\u0161ovalo, a\u017e nakoniec bol kr\u00e1sny slne\u010dn\u00fd a tepl\u00fd de\u0148. Podarilo sa n\u00e1m vybudova\u0165 dve lavi\u010dky na zna\u010dkovom chodn\u00edku Hore \u010cerven\u00fdm, kde si bude m\u00f4c\u0165 ka\u017ed\u00fd pri v\u00fdstupe na \u010cerven\u00fa skalu odd\u00fdchnu\u0165 pri poh\u013eade na obec Podbiel. Na \u010cervenej skale sme vy\u010distili a vybudovali nov\u00e9 ohnisko, ktor\u00e9 sme aj hne\u010f vysk\u00fa\u0161ali. Upiekli sme si na \u0148om obed, pe\u010den\u00fa klob\u00e1sku a slaninu. V druhej \u010dasti brig\u00e1dy sme sa v\u0161etci pustili do v\u00fdstavby schodov, kedy sa n\u00e1m podarilo vybudova\u0165 \u010fal\u0161\u00ed takmer desa\u0165 metrov\u00fd \u00fasek&#8230;<\/p>\n<p style=\"text-align: justify;\"><a class=\"aligncenter\" title=\"\u010cerven\u00e1 skala\" href=\"http:\/\/www.cykloklubpodbiel.sk\/?page_id=5632\" target=\"_blank\">&#8230;cel\u00fd \u010dl\u00e1nok <\/a><\/p>\n","protected":false},"excerpt":{"rendered":"<p>V\u00a0sobotu 10.m\u00e1ja 2014 r\u00e1no e\u0161te pr\u0161alo, no postupne sa po\u010dasie zlep\u0161ovalo, a\u017e nakoniec bol kr\u00e1sny slne\u010dn\u00fd a tepl\u00fd de\u0148. Podarilo sa n\u00e1m vybudova\u0165 dve lavi\u010dky na zna\u010dkovom chodn\u00edku Hore \u010cerven\u00fdm, kde si bude m\u00f4c\u0165 ka\u017ed\u00fd pri v\u00fdstupe na \u010cerven\u00fa skalu odd\u00fdchnu\u0165 pri poh\u013eade na obec Podbiel. Na \u010cervenej skale sme vy\u010distili a vybudovali nov\u00e9 ohnisko, [&hellip;]<\/p>\n","protected":false},"author":1,"featured_media":0,"comment_status":"open","ping_status":"open","sticky":false,"template":"","format":"standard","meta":{"advgb_blocks_editor_width":"","advgb_blocks_columns_visual_guide":"","ngg_post_thumbnail":0},"categories":[1],"tags":[],"author_meta":{"display_name":"\u013dubom\u00edr Franko","author_link":"https:\/\/www.cykloklubpodbiel.sk\/?author=1"},"featured_img":null,"coauthors":[],"tax_additional":{"categories":{"linked":["<a href=\"https:\/\/www.cykloklubpodbiel.sk\/?cat=1\" class=\"advgb-post-tax-term\">Arch\u00edv<\/a>"],"unlinked":["<span class=\"advgb-post-tax-term\">Arch\u00edv<\/span>"]}},"comment_count":"0","relative_dates":{"created":"Posted 12 years ago","modified":"Updated 12 years ago"},"absolute_dates":{"created":"Posted on 16. M\u00e1j 2014","modified":"Updated on 17. M\u00e1j 2014"},"absolute_dates_time":{"created":"Posted on 16. M\u00e1j 2014 17:54","modified":"Updated on 17. M\u00e1j 2014 20:07"},"featured_img_caption":"","series_order":"","_links":{"self":[{"href":"https:\/\/www.cykloklubpodbiel.sk\/index.php?rest_route=\/wp\/v2\/posts\/5629"}],"collection":[{"href":"https:\/\/www.cykloklubpodbiel.sk\/index.php?rest_route=\/wp\/v2\/posts"}],"about":[{"href":"https:\/\/www.cykloklubpodbiel.sk\/index.php?rest_route=\/wp\/v2\/types\/post"}],"author":[{"embeddable":true,"href":"https:\/\/www.cykloklubpodbiel.sk\/index.php?rest_route=\/wp\/v2\/users\/1"}],"replies":[{"embeddable":true,"href":"https:\/\/www.cykloklubpodbiel.sk\/index.php?rest_route=%2Fwp%2Fv2%2Fcomments&post=5629"}],"version-history":[{"count":5,"href":"https:\/\/www.cykloklubpodbiel.sk\/index.php?rest_route=\/wp\/v2\/posts\/5629\/revisions"}],"predecessor-version":[{"id":5642,"href":"https:\/\/www.cykloklubpodbiel.sk\/index.php?rest_route=\/wp\/v2\/posts\/5629\/revisions\/5642"}],"wp:attachment":[{"href":"https:\/\/www.cykloklubpodbiel.sk\/index.php?rest_route=%2Fwp%2Fv2%2Fmedia&parent=5629"}],"wp:term":[{"taxonomy":"category","embeddable":true,"href":"https:\/\/www.cykloklubpodbiel.sk\/index.php?rest_route=%2Fwp%2Fv2%2Fcategories&post=5629"},{"taxonomy":"post_tag","embeddable":true,"href":"https:\/\/www.cykloklubpodbiel.sk\/index.php?rest_route=%2Fwp%2Fv2%2Ftags&post=5629"}],"curies":[{"name":"wp","href":"https:\/\/api.w.org\/{rel}","templated":true}]}}