{"id":556,"date":"2010-04-18T20:19:35","date_gmt":"2010-04-18T19:19:35","guid":{"rendered":"http:\/\/www.cykloklubpodbiel.sk\/?p=556"},"modified":"2010-05-03T19:50:55","modified_gmt":"2010-05-03T18:50:55","slug":"opekacka-na-petrovke","status":"publish","type":"post","link":"https:\/\/www.cykloklubpodbiel.sk\/?p=556","title":{"rendered":"Opeka\u010dka na Petrovke"},"content":{"rendered":"<div class=\"mceTemp\">\n<div class=\"mceTemp\"><span style=\"font-size: x-small;\"> <\/span><\/div>\n<div id=\"attachment_150\" style=\"width: 309px\" class=\"wp-caption alignleft\"><a href=\"http:\/\/www.cykloklubpodbiel.sk\/wp-content\/uploads\/2010\/04\/petrovka1.jpg\"><strong><img aria-describedby=\"caption-attachment-150\" loading=\"lazy\" class=\"size-medium wp-image-150\" title=\"Spolo\u010dn\u00e9 foto \u00fa\u010dastn\u00edkov prechodu za Lu\u010divn\u00fdm\" src=\"http:\/\/www.cykloklubpodbiel.sk\/wp-content\/uploads\/2010\/04\/t_petrovka.jpg\" alt=\"Spolo\u010dn\u00e9 foto \u00fa\u010dastn\u00edkov prechodu za Lu\u010divn\u00fdm\" width=\"299\" height=\"199\" \/><\/strong><\/a><p id=\"caption-attachment-150\" class=\"wp-caption-text\">Spolo\u010dn\u00e9 foto \u00fa\u010dastn\u00edkov prechodu za Lu\u010divn\u00fdm<\/p><\/div>\n<p style=\"text-align: justify;\"><span style=\"color: #000000;\"><strong>V<\/strong> nede\u013eu 18.apr\u00edla 2010 n\u00e1s \u010dakala druh\u00e1 tohtoro\u010dn\u00e1 pe\u0161ia turistick\u00e1 akcia.\u00a0 Po\u010dasie n\u00e1s r\u00e1no milo prekvapilo, ke\u010f na oblohe nebolo ani obl\u00e1\u010dika a bolo slne\u010dno. Aj ke\u010f r\u00e1no teplomer ukazoval okolo bodu mrazu, akon\u00e1hle vy\u0161lo slnko spoza obzoru, teplota za\u010dala r\u00fdchlo st\u00fapa\u0165 a zastavila sa a\u017e tesne pred 18 stup\u0148ami. Zo za\u010diatku n\u00e1s \u010dakalo st\u00fapanie &#8220;Hore \u010cerven\u00fdm&#8221;, no \u010d\u00edm sme boli vy\u0161\u0161ie, t\u00fdm sa n\u00e1m naskytal kraj\u0161\u00ed poh\u013ead na na\u0161u obec a zab\u00fadali sme aj na \u00fanavu. Natrafili sme tu aj na poriadne mravenisko, kde sa tis\u00edce mravcov len tak hem\u017eilo. U\u017e aj oni vyliezli zo zimn\u00e9ho \u00fakrytu&#8230;<\/span><a class=\"aligncenter\" title=\"chata L\u00e1tan\u00e1\" href=\"http:\/\/www.cykloklubpodbiel.sk\/?page_id=102\" target=\"_blank\">&#8230;cel\u00fd \u010dl\u00e1nok <\/a><\/p>\n<\/div>\n","protected":false},"excerpt":{"rendered":"<p>V nede\u013eu 18.apr\u00edla 2010 n\u00e1s \u010dakala druh\u00e1 tohtoro\u010dn\u00e1 pe\u0161ia turistick\u00e1 akcia.\u00a0 Po\u010dasie n\u00e1s r\u00e1no milo prekvapilo, ke\u010f na oblohe nebolo ani obl\u00e1\u010dika a bolo slne\u010dno. Aj ke\u010f r\u00e1no teplomer ukazoval okolo bodu mrazu, akon\u00e1hle vy\u0161lo slnko spoza obzoru, teplota za\u010dala r\u00fdchlo st\u00fapa\u0165 a zastavila sa a\u017e tesne pred 18 stup\u0148ami. Zo za\u010diatku n\u00e1s \u010dakalo st\u00fapanie [&hellip;]<\/p>\n","protected":false},"author":1,"featured_media":0,"comment_status":"open","ping_status":"open","sticky":false,"template":"","format":"standard","meta":{"advgb_blocks_editor_width":"","advgb_blocks_columns_visual_guide":"","ngg_post_thumbnail":0},"categories":[1],"tags":[],"author_meta":{"display_name":"\u013dubom\u00edr Franko","author_link":"https:\/\/www.cykloklubpodbiel.sk\/?author=1"},"featured_img":null,"coauthors":[],"tax_additional":{"categories":{"linked":["<a href=\"https:\/\/www.cykloklubpodbiel.sk\/?cat=1\" class=\"advgb-post-tax-term\">Arch\u00edv<\/a>"],"unlinked":["<span class=\"advgb-post-tax-term\">Arch\u00edv<\/span>"]}},"comment_count":"0","relative_dates":{"created":"Posted 16 years ago","modified":"Updated 16 years ago"},"absolute_dates":{"created":"Posted on 18. Apr\u00edl 2010","modified":"Updated on 3. M\u00e1j 2010"},"absolute_dates_time":{"created":"Posted on 18. Apr\u00edl 2010 20:19","modified":"Updated on 3. M\u00e1j 2010 19:50"},"featured_img_caption":"","series_order":"","_links":{"self":[{"href":"https:\/\/www.cykloklubpodbiel.sk\/index.php?rest_route=\/wp\/v2\/posts\/556"}],"collection":[{"href":"https:\/\/www.cykloklubpodbiel.sk\/index.php?rest_route=\/wp\/v2\/posts"}],"about":[{"href":"https:\/\/www.cykloklubpodbiel.sk\/index.php?rest_route=\/wp\/v2\/types\/post"}],"author":[{"embeddable":true,"href":"https:\/\/www.cykloklubpodbiel.sk\/index.php?rest_route=\/wp\/v2\/users\/1"}],"replies":[{"embeddable":true,"href":"https:\/\/www.cykloklubpodbiel.sk\/index.php?rest_route=%2Fwp%2Fv2%2Fcomments&post=556"}],"version-history":[{"count":16,"href":"https:\/\/www.cykloklubpodbiel.sk\/index.php?rest_route=\/wp\/v2\/posts\/556\/revisions"}],"predecessor-version":[{"id":653,"href":"https:\/\/www.cykloklubpodbiel.sk\/index.php?rest_route=\/wp\/v2\/posts\/556\/revisions\/653"}],"wp:attachment":[{"href":"https:\/\/www.cykloklubpodbiel.sk\/index.php?rest_route=%2Fwp%2Fv2%2Fmedia&parent=556"}],"wp:term":[{"taxonomy":"category","embeddable":true,"href":"https:\/\/www.cykloklubpodbiel.sk\/index.php?rest_route=%2Fwp%2Fv2%2Fcategories&post=556"},{"taxonomy":"post_tag","embeddable":true,"href":"https:\/\/www.cykloklubpodbiel.sk\/index.php?rest_route=%2Fwp%2Fv2%2Ftags&post=556"}],"curies":[{"name":"wp","href":"https:\/\/api.w.org\/{rel}","templated":true}]}}