{"id":5522,"date":"2014-03-07T10:48:00","date_gmt":"2014-03-07T09:48:00","guid":{"rendered":"http:\/\/www.cykloklubpodbiel.sk\/?p=5522"},"modified":"2014-03-08T11:01:01","modified_gmt":"2014-03-08T10:01:01","slug":"43-rocnik-oravskou-magurou","status":"publish","type":"post","link":"https:\/\/www.cykloklubpodbiel.sk\/?p=5522","title":{"rendered":"43.ro\u010dn\u00edk Oravskou Magurou"},"content":{"rendered":"<p><a href=\"http:\/\/www.cykloklubpodbiel.sk\/wp-content\/uploads\/2014\/03\/prislop.jpg\"><img loading=\"lazy\" class=\"alignleft size-medium wp-image-4603\" title=\"Spolo\u010dn\u00e9 foto na \u0161tarte prechodu\" alt=\"\" src=\"http:\/\/www.cykloklubpodbiel.sk\/wp-content\/uploads\/2014\/03\/t_prislop.jpg\" width=\"299\" height=\"199\" \/><\/a><strong>V<\/strong>\u00a0nede\u013eu <span style=\"color: #ff0000;\"><strong>2.marca 2014 <\/strong><\/span>za mraziv\u00e9ho r\u00e1na sme sa vybrali na 43.ro\u010dn\u00edk prechodu Oravskou Magurou. Za\u010d\u00ednali sme v sedle Pr\u00edslop odkia\u013e sme pokra\u010dovali na hrebe\u0148 Magury. Po\u010dasie bolo n\u00e1dhern\u00e9, v \u00fadoliach bola hmla, nad ktor\u00fdmi sa t\u00fd\u010dili vrcholky slovensk\u00fdch kon\u010diarov. Takmer polovicu trasy sme \u0161\u013eapali po snehu, ktor\u00fd n\u00e1m pripom\u00ednal, \u017ee e\u0161te je zima. Aspo\u0148 ako ro\u010dn\u00e9 obdobie. Stretli sme sa tu turisti z Podbiela, Ni\u017enej, Tvrdo\u0161\u00edna, Vavre\u010dky, Lokce a \u010fal\u0161\u00edch ded\u00edn. Dokonca sme mali aj dvoch cyklistov, ktor\u00ed zvl\u00e1dli t\u00fato 24 km trasu. Najkraj\u0161\u00ed v\u00fdh\u013ead sa n\u00e1m naskytol nad Dlh\u00e1nskou&#8230;<\/p>\n<p style=\"text-align: justify;\"><a class=\"aligncenter\" title=\"Oravskou Magurou\" href=\"http:\/\/www.cykloklubpodbiel.sk\/?page_id=5524\" target=\"_blank\">&#8230;cel\u00fd \u010dl\u00e1nok <\/a><\/p>\n","protected":false},"excerpt":{"rendered":"<p>V\u00a0nede\u013eu 2.marca 2014 za mraziv\u00e9ho r\u00e1na sme sa vybrali na 43.ro\u010dn\u00edk prechodu Oravskou Magurou. Za\u010d\u00ednali sme v sedle Pr\u00edslop odkia\u013e sme pokra\u010dovali na hrebe\u0148 Magury. Po\u010dasie bolo n\u00e1dhern\u00e9, v \u00fadoliach bola hmla, nad ktor\u00fdmi sa t\u00fd\u010dili vrcholky slovensk\u00fdch kon\u010diarov. Takmer polovicu trasy sme \u0161\u013eapali po snehu, ktor\u00fd n\u00e1m pripom\u00ednal, \u017ee e\u0161te je zima. Aspo\u0148 ako [&hellip;]<\/p>\n","protected":false},"author":1,"featured_media":0,"comment_status":"open","ping_status":"open","sticky":false,"template":"","format":"standard","meta":{"advgb_blocks_editor_width":"","advgb_blocks_columns_visual_guide":"","ngg_post_thumbnail":0},"categories":[1],"tags":[],"author_meta":{"display_name":"\u013dubom\u00edr Franko","author_link":"https:\/\/www.cykloklubpodbiel.sk\/?author=1"},"featured_img":null,"coauthors":[],"tax_additional":{"categories":{"linked":["<a href=\"https:\/\/www.cykloklubpodbiel.sk\/?cat=1\" class=\"advgb-post-tax-term\">Arch\u00edv<\/a>"],"unlinked":["<span class=\"advgb-post-tax-term\">Arch\u00edv<\/span>"]}},"comment_count":"0","relative_dates":{"created":"Posted 12 years ago","modified":"Updated 12 years ago"},"absolute_dates":{"created":"Posted on 7. Marec 2014","modified":"Updated on 8. Marec 2014"},"absolute_dates_time":{"created":"Posted on 7. Marec 2014 10:48","modified":"Updated on 8. Marec 2014 11:01"},"featured_img_caption":"","series_order":"","_links":{"self":[{"href":"https:\/\/www.cykloklubpodbiel.sk\/index.php?rest_route=\/wp\/v2\/posts\/5522"}],"collection":[{"href":"https:\/\/www.cykloklubpodbiel.sk\/index.php?rest_route=\/wp\/v2\/posts"}],"about":[{"href":"https:\/\/www.cykloklubpodbiel.sk\/index.php?rest_route=\/wp\/v2\/types\/post"}],"author":[{"embeddable":true,"href":"https:\/\/www.cykloklubpodbiel.sk\/index.php?rest_route=\/wp\/v2\/users\/1"}],"replies":[{"embeddable":true,"href":"https:\/\/www.cykloklubpodbiel.sk\/index.php?rest_route=%2Fwp%2Fv2%2Fcomments&post=5522"}],"version-history":[{"count":4,"href":"https:\/\/www.cykloklubpodbiel.sk\/index.php?rest_route=\/wp\/v2\/posts\/5522\/revisions"}],"predecessor-version":[{"id":5533,"href":"https:\/\/www.cykloklubpodbiel.sk\/index.php?rest_route=\/wp\/v2\/posts\/5522\/revisions\/5533"}],"wp:attachment":[{"href":"https:\/\/www.cykloklubpodbiel.sk\/index.php?rest_route=%2Fwp%2Fv2%2Fmedia&parent=5522"}],"wp:term":[{"taxonomy":"category","embeddable":true,"href":"https:\/\/www.cykloklubpodbiel.sk\/index.php?rest_route=%2Fwp%2Fv2%2Fcategories&post=5522"},{"taxonomy":"post_tag","embeddable":true,"href":"https:\/\/www.cykloklubpodbiel.sk\/index.php?rest_route=%2Fwp%2Fv2%2Ftags&post=5522"}],"curies":[{"name":"wp","href":"https:\/\/api.w.org\/{rel}","templated":true}]}}