{"id":5489,"date":"2014-02-16T11:59:41","date_gmt":"2014-02-16T10:59:41","guid":{"rendered":"http:\/\/www.cykloklubpodbiel.sk\/?p=5489"},"modified":"2014-02-16T14:19:59","modified_gmt":"2014-02-16T13:19:59","slug":"8-rocnik-zakamenskym-grunom","status":"publish","type":"post","link":"https:\/\/www.cykloklubpodbiel.sk\/?p=5489","title":{"rendered":"8.ro\u010dn\u00edk Z\u00e1kamensk\u00fdm gr\u00fa\u0148om"},"content":{"rendered":"<p><a href=\"http:\/\/www.cykloklubpodbiel.sk\/wp-content\/uploads\/2014\/02\/zakamenne.jpg\"><img loading=\"lazy\" class=\"alignleft size-medium wp-image-4603\" title=\"Spolo\u010dn\u00e9 foto na \u0161tarte prechodu\" alt=\"\" src=\"http:\/\/www.cykloklubpodbiel.sk\/wp-content\/uploads\/2014\/02\/t_zakamenne.jpg\" width=\"299\" height=\"199\" \/><\/a><strong>V<\/strong>\u00a0sobotu <span style=\"color: #ff0000;\"><strong>15.febru\u00e1ra 2014 <\/strong><\/span>sme sa vybrali na 8.ro\u010dn\u00edk prechodu Z\u00e1kamensk\u00fdm gr\u00fa\u0148om. K\u00fdm v Podbieli nebolo po snehu ani slychu, verili sme, \u017ee v Z\u00e1kamennom to bude in\u00e9 a snehu bude dostatok. Pri prezent\u00e1cii n\u00e1m organiz\u00e1tori potvrdili, \u017ee na takmer 80%-t\u00e1ch 25 km trate je dostatok snehu. To n\u00e1s pote\u0161ilo. Po\u010das st\u00fapania ku kalv\u00e1rii sa n\u00e1m naskytovali kr\u00e1sne v\u00fdh\u013eady, no museli sme \u00eds\u0165 pe\u0161o. No na najbli\u017e\u0161ej l\u00fake sme sme si u\u017e pripli ly\u017ee a tak sme sa mohli \u013eah\u0161ie k\u013aza\u0165 po snehu a obdivova\u0165 scen\u00e9riu cel\u00e9ho hrebe\u0148a Vysok\u00fdch Tatier. Po\u010das trasy sme zis\u0165ovali aj stav&#8230;<\/p>\n<p style=\"text-align: justify;\"><a class=\"aligncenter\" title=\"Z\u00e1kamenn\u00e9\" href=\"http:\/\/www.cykloklubpodbiel.sk\/?page_id=5491\" target=\"_blank\">&#8230;cel\u00fd \u010dl\u00e1nok <\/a><\/p>\n","protected":false},"excerpt":{"rendered":"<p>V\u00a0sobotu 15.febru\u00e1ra 2014 sme sa vybrali na 8.ro\u010dn\u00edk prechodu Z\u00e1kamensk\u00fdm gr\u00fa\u0148om. K\u00fdm v Podbieli nebolo po snehu ani slychu, verili sme, \u017ee v Z\u00e1kamennom to bude in\u00e9 a snehu bude dostatok. Pri prezent\u00e1cii n\u00e1m organiz\u00e1tori potvrdili, \u017ee na takmer 80%-t\u00e1ch 25 km trate je dostatok snehu. To n\u00e1s pote\u0161ilo. Po\u010das st\u00fapania ku kalv\u00e1rii sa n\u00e1m [&hellip;]<\/p>\n","protected":false},"author":1,"featured_media":0,"comment_status":"open","ping_status":"open","sticky":false,"template":"","format":"standard","meta":{"advgb_blocks_editor_width":"","advgb_blocks_columns_visual_guide":"","ngg_post_thumbnail":0},"categories":[1],"tags":[],"author_meta":{"display_name":"\u013dubom\u00edr Franko","author_link":"https:\/\/www.cykloklubpodbiel.sk\/?author=1"},"featured_img":null,"coauthors":[],"tax_additional":{"categories":{"linked":["<a href=\"https:\/\/www.cykloklubpodbiel.sk\/?cat=1\" class=\"advgb-post-tax-term\">Arch\u00edv<\/a>"],"unlinked":["<span class=\"advgb-post-tax-term\">Arch\u00edv<\/span>"]}},"comment_count":"0","relative_dates":{"created":"Posted 12 years ago","modified":"Updated 12 years ago"},"absolute_dates":{"created":"Posted on 16. Febru\u00e1r 2014","modified":"Updated on 16. Febru\u00e1r 2014"},"absolute_dates_time":{"created":"Posted on 16. Febru\u00e1r 2014 11:59","modified":"Updated on 16. Febru\u00e1r 2014 14:19"},"featured_img_caption":"","series_order":"","_links":{"self":[{"href":"https:\/\/www.cykloklubpodbiel.sk\/index.php?rest_route=\/wp\/v2\/posts\/5489"}],"collection":[{"href":"https:\/\/www.cykloklubpodbiel.sk\/index.php?rest_route=\/wp\/v2\/posts"}],"about":[{"href":"https:\/\/www.cykloklubpodbiel.sk\/index.php?rest_route=\/wp\/v2\/types\/post"}],"author":[{"embeddable":true,"href":"https:\/\/www.cykloklubpodbiel.sk\/index.php?rest_route=\/wp\/v2\/users\/1"}],"replies":[{"embeddable":true,"href":"https:\/\/www.cykloklubpodbiel.sk\/index.php?rest_route=%2Fwp%2Fv2%2Fcomments&post=5489"}],"version-history":[{"count":4,"href":"https:\/\/www.cykloklubpodbiel.sk\/index.php?rest_route=\/wp\/v2\/posts\/5489\/revisions"}],"predecessor-version":[{"id":5497,"href":"https:\/\/www.cykloklubpodbiel.sk\/index.php?rest_route=\/wp\/v2\/posts\/5489\/revisions\/5497"}],"wp:attachment":[{"href":"https:\/\/www.cykloklubpodbiel.sk\/index.php?rest_route=%2Fwp%2Fv2%2Fmedia&parent=5489"}],"wp:term":[{"taxonomy":"category","embeddable":true,"href":"https:\/\/www.cykloklubpodbiel.sk\/index.php?rest_route=%2Fwp%2Fv2%2Fcategories&post=5489"},{"taxonomy":"post_tag","embeddable":true,"href":"https:\/\/www.cykloklubpodbiel.sk\/index.php?rest_route=%2Fwp%2Fv2%2Ftags&post=5489"}],"curies":[{"name":"wp","href":"https:\/\/api.w.org\/{rel}","templated":true}]}}