{"id":5467,"date":"2014-02-09T10:13:38","date_gmt":"2014-02-09T09:13:38","guid":{"rendered":"http:\/\/www.cykloklubpodbiel.sk\/?p=5467"},"modified":"2014-02-14T07:44:40","modified_gmt":"2014-02-14T06:44:40","slug":"38-rocnik-chlebnickym-okruhom","status":"publish","type":"post","link":"https:\/\/www.cykloklubpodbiel.sk\/?p=5467","title":{"rendered":"31.ro\u010dn\u00edk Chlebnick\u00fdm okruhom"},"content":{"rendered":"<p><a href=\"http:\/\/www.cykloklubpodbiel.sk\/wp-content\/uploads\/2014\/02\/chlebnice.jpg\"><img loading=\"lazy\" class=\"alignleft size-medium wp-image-4603\" title=\"Spolo\u010dn\u00e9 foto na \u0161tarte prechodu\" alt=\"\" src=\"http:\/\/www.cykloklubpodbiel.sk\/wp-content\/uploads\/2014\/02\/t_chlebnice.jpg\" width=\"299\" height=\"199\" \/><\/a><strong>V<\/strong>\u00a0sobotu <span style=\"color: #ff0000;\"><strong>8.febru\u00e1ra 2014 <\/strong><\/span>sa konal 38.ro\u010dn\u00edk prechodu Chlebnick\u00fdm okruhom. Po in\u00e9 roky bolo vy\u0161e pol metra snehu a mrazy pod -20\u00b0C, no tento rok to bol asi prv\u00fd ro\u010dn\u00edk, kedy nebol sneh. R\u00e1no pr\u0161alo a bolo teplo. Predpove\u010f na \u010fal\u0161ie hodiny bola priazniv\u00e1 a tak sme nev\u00e1hali a zav\u00edtali sme do Chlebn\u00edc. Tu n\u00e1s organiz\u00e1tori priv\u00edtali, zaregistrovali sme sa, vypili sme \u0161tartovn\u00e9 a vydali sa pe\u0161o na tra\u0165 v d\u013a\u017eke takmer 16 km. Boli sme piati. \u013dubo, Pe\u0165a, Maja, Marcel, Danka a pes \u010ciko. Hne\u010f od za\u010diatku sa k n\u00e1m pripojil maskot prechodov Vlado, ktor\u00fd n\u00e1m svojimi n\u00e1strojmi pla\u0161il po\u010das celej trate&#8230; <\/p>\n<p style=\"text-align: justify;\"><a class=\"aligncenter\" title=\"Chlebnice\" href=\"http:\/\/www.cykloklubpodbiel.sk\/?page_id=5471\" target=\"_blank\">&#8230;cel\u00fd \u010dl\u00e1nok <\/a><\/p>\n","protected":false},"excerpt":{"rendered":"<p>V\u00a0sobotu 8.febru\u00e1ra 2014 sa konal 38.ro\u010dn\u00edk prechodu Chlebnick\u00fdm okruhom. Po in\u00e9 roky bolo vy\u0161e pol metra snehu a mrazy pod -20\u00b0C, no tento rok to bol asi prv\u00fd ro\u010dn\u00edk, kedy nebol sneh. R\u00e1no pr\u0161alo a bolo teplo. Predpove\u010f na \u010fal\u0161ie hodiny bola priazniv\u00e1 a tak sme nev\u00e1hali a zav\u00edtali sme do Chlebn\u00edc. Tu n\u00e1s organiz\u00e1tori [&hellip;]<\/p>\n","protected":false},"author":1,"featured_media":0,"comment_status":"open","ping_status":"open","sticky":false,"template":"","format":"standard","meta":{"advgb_blocks_editor_width":"","advgb_blocks_columns_visual_guide":"","ngg_post_thumbnail":0},"categories":[1],"tags":[],"author_meta":{"display_name":"\u013dubom\u00edr Franko","author_link":"https:\/\/www.cykloklubpodbiel.sk\/?author=1"},"featured_img":null,"coauthors":[],"tax_additional":{"categories":{"linked":["<a href=\"https:\/\/www.cykloklubpodbiel.sk\/?cat=1\" class=\"advgb-post-tax-term\">Arch\u00edv<\/a>"],"unlinked":["<span class=\"advgb-post-tax-term\">Arch\u00edv<\/span>"]}},"comment_count":"1","relative_dates":{"created":"Posted 12 years ago","modified":"Updated 12 years ago"},"absolute_dates":{"created":"Posted on 9. Febru\u00e1r 2014","modified":"Updated on 14. Febru\u00e1r 2014"},"absolute_dates_time":{"created":"Posted on 9. Febru\u00e1r 2014 10:13","modified":"Updated on 14. Febru\u00e1r 2014 7:44"},"featured_img_caption":"","series_order":"","_links":{"self":[{"href":"https:\/\/www.cykloklubpodbiel.sk\/index.php?rest_route=\/wp\/v2\/posts\/5467"}],"collection":[{"href":"https:\/\/www.cykloklubpodbiel.sk\/index.php?rest_route=\/wp\/v2\/posts"}],"about":[{"href":"https:\/\/www.cykloklubpodbiel.sk\/index.php?rest_route=\/wp\/v2\/types\/post"}],"author":[{"embeddable":true,"href":"https:\/\/www.cykloklubpodbiel.sk\/index.php?rest_route=\/wp\/v2\/users\/1"}],"replies":[{"embeddable":true,"href":"https:\/\/www.cykloklubpodbiel.sk\/index.php?rest_route=%2Fwp%2Fv2%2Fcomments&post=5467"}],"version-history":[{"count":6,"href":"https:\/\/www.cykloklubpodbiel.sk\/index.php?rest_route=\/wp\/v2\/posts\/5467\/revisions"}],"predecessor-version":[{"id":5485,"href":"https:\/\/www.cykloklubpodbiel.sk\/index.php?rest_route=\/wp\/v2\/posts\/5467\/revisions\/5485"}],"wp:attachment":[{"href":"https:\/\/www.cykloklubpodbiel.sk\/index.php?rest_route=%2Fwp%2Fv2%2Fmedia&parent=5467"}],"wp:term":[{"taxonomy":"category","embeddable":true,"href":"https:\/\/www.cykloklubpodbiel.sk\/index.php?rest_route=%2Fwp%2Fv2%2Fcategories&post=5467"},{"taxonomy":"post_tag","embeddable":true,"href":"https:\/\/www.cykloklubpodbiel.sk\/index.php?rest_route=%2Fwp%2Fv2%2Ftags&post=5467"}],"curies":[{"name":"wp","href":"https:\/\/api.w.org\/{rel}","templated":true}]}}