{"id":5414,"date":"2014-02-01T15:12:38","date_gmt":"2014-02-01T14:12:38","guid":{"rendered":"http:\/\/www.cykloklubpodbiel.sk\/?p=5414"},"modified":"2014-02-01T21:06:53","modified_gmt":"2014-02-01T20:06:53","slug":"48-zraz-turistov-bardejovske-kupele","status":"publish","type":"post","link":"https:\/\/www.cykloklubpodbiel.sk\/?p=5414","title":{"rendered":"48.Zraz turistov Bardejovsk\u00e9 k\u00fapele"},"content":{"rendered":"<p><a href=\"http:\/\/www.cykloklubpodbiel.sk\/wp-content\/uploads\/2014\/01\/bardejov1.jpg\"><img loading=\"lazy\" class=\"alignleft size-medium wp-image-4603\" title=\"Posedenie a priv\u00edtanie sa s ni\u017enianskymi turistani\" alt=\"bardejov\" src=\"http:\/\/www.cykloklubpodbiel.sk\/wp-content\/uploads\/2014\/01\/t_bardejov1.jpg\" width=\"299\" height=\"199\" \/><\/a><strong>V<\/strong>o \u0161tvrtok <span style=\"color: #ff0000;\"><strong>30.janu\u00e1ra 2014 <\/strong><\/span>sme 5 \u010dlenovia zav\u00edtali na 48.Zimn\u00fd zraz KST do Bardejova-Bardejovsk\u00fdch k\u00fape\u013eov. U\u017e po pr\u00edchode do Bardejova n\u00e1s prekvapil sneh (okolo 15 cm), ktor\u00fd n\u00e1m na Orave v poslednom \u010dase ch\u00fdba, \u010do nazna\u010dovalo, \u017ee sn\u00e1\u010f by sme zajtra mohli \u00eds\u0165 na prv\u00fa t\u00faru aj na be\u017ek\u00e1ch. Zaregistrovali sme sa, vybrali si trasu na piatok (samozrejme t\u00fa najdlh\u0161iu 30 km), lebo in\u00e1 u\u017e nebola vo\u013en\u00e1. Absolvovali sme priv\u00edtac\u00ed ceremoni\u00e1l v miestnom kine a potom n\u00e1s u\u017e \u010dakalo zv\u00edtanie v hoteli Zorni\u010dka s po\u010detnou skupinou ni\u017enianskych turistov. O z\u00e1bavu sa starali&#8230;<\/p>\n<p style=\"text-align: justify;\"><a class=\"aligncenter\" title=\"Bardejov\" href=\"http:\/\/www.cykloklubpodbiel.sk\/?page_id=5422\" target=\"_blank\">&#8230;cel\u00fd \u010dl\u00e1nok <\/a><\/p>\n","protected":false},"excerpt":{"rendered":"<p>Vo \u0161tvrtok 30.janu\u00e1ra 2014 sme 5 \u010dlenovia zav\u00edtali na 48.Zimn\u00fd zraz KST do Bardejova-Bardejovsk\u00fdch k\u00fape\u013eov. U\u017e po pr\u00edchode do Bardejova n\u00e1s prekvapil sneh (okolo 15 cm), ktor\u00fd n\u00e1m na Orave v poslednom \u010dase ch\u00fdba, \u010do nazna\u010dovalo, \u017ee sn\u00e1\u010f by sme zajtra mohli \u00eds\u0165 na prv\u00fa t\u00faru aj na be\u017ek\u00e1ch. Zaregistrovali sme sa, vybrali si trasu [&hellip;]<\/p>\n","protected":false},"author":1,"featured_media":0,"comment_status":"open","ping_status":"open","sticky":false,"template":"","format":"standard","meta":{"advgb_blocks_editor_width":"","advgb_blocks_columns_visual_guide":"","ngg_post_thumbnail":0},"categories":[1],"tags":[],"author_meta":{"display_name":"\u013dubom\u00edr Franko","author_link":"https:\/\/www.cykloklubpodbiel.sk\/?author=1"},"featured_img":null,"coauthors":[],"tax_additional":{"categories":{"linked":["<a href=\"https:\/\/www.cykloklubpodbiel.sk\/?cat=1\" class=\"advgb-post-tax-term\">Arch\u00edv<\/a>"],"unlinked":["<span class=\"advgb-post-tax-term\">Arch\u00edv<\/span>"]}},"comment_count":"0","relative_dates":{"created":"Posted 12 years ago","modified":"Updated 12 years ago"},"absolute_dates":{"created":"Posted on 1. Febru\u00e1r 2014","modified":"Updated on 1. Febru\u00e1r 2014"},"absolute_dates_time":{"created":"Posted on 1. Febru\u00e1r 2014 15:12","modified":"Updated on 1. Febru\u00e1r 2014 21:06"},"featured_img_caption":"","series_order":"","_links":{"self":[{"href":"https:\/\/www.cykloklubpodbiel.sk\/index.php?rest_route=\/wp\/v2\/posts\/5414"}],"collection":[{"href":"https:\/\/www.cykloklubpodbiel.sk\/index.php?rest_route=\/wp\/v2\/posts"}],"about":[{"href":"https:\/\/www.cykloklubpodbiel.sk\/index.php?rest_route=\/wp\/v2\/types\/post"}],"author":[{"embeddable":true,"href":"https:\/\/www.cykloklubpodbiel.sk\/index.php?rest_route=\/wp\/v2\/users\/1"}],"replies":[{"embeddable":true,"href":"https:\/\/www.cykloklubpodbiel.sk\/index.php?rest_route=%2Fwp%2Fv2%2Fcomments&post=5414"}],"version-history":[{"count":9,"href":"https:\/\/www.cykloklubpodbiel.sk\/index.php?rest_route=\/wp\/v2\/posts\/5414\/revisions"}],"predecessor-version":[{"id":5431,"href":"https:\/\/www.cykloklubpodbiel.sk\/index.php?rest_route=\/wp\/v2\/posts\/5414\/revisions\/5431"}],"wp:attachment":[{"href":"https:\/\/www.cykloklubpodbiel.sk\/index.php?rest_route=%2Fwp%2Fv2%2Fmedia&parent=5414"}],"wp:term":[{"taxonomy":"category","embeddable":true,"href":"https:\/\/www.cykloklubpodbiel.sk\/index.php?rest_route=%2Fwp%2Fv2%2Fcategories&post=5414"},{"taxonomy":"post_tag","embeddable":true,"href":"https:\/\/www.cykloklubpodbiel.sk\/index.php?rest_route=%2Fwp%2Fv2%2Ftags&post=5414"}],"curies":[{"name":"wp","href":"https:\/\/api.w.org\/{rel}","templated":true}]}}