{"id":5396,"date":"2014-01-26T15:03:58","date_gmt":"2014-01-26T14:03:58","guid":{"rendered":"http:\/\/www.cykloklubpodbiel.sk\/?p=5396"},"modified":"2014-01-26T17:04:25","modified_gmt":"2014-01-26T16:04:25","slug":"znacenie-prechodu-magurou","status":"publish","type":"post","link":"https:\/\/www.cykloklubpodbiel.sk\/?p=5396","title":{"rendered":"zna\u010denie prechodu Magurou"},"content":{"rendered":"<p><a href=\"http:\/\/www.cykloklubpodbiel.sk\/wp-content\/uploads\/2014\/01\/znaceniemagura.jpg\"><img loading=\"lazy\" class=\"alignleft size-medium wp-image-4603\" title=\"Spolo\u010dn\u00e9 foto na \u0161tarte prechodu\" alt=\"\" src=\"http:\/\/www.cykloklubpodbiel.sk\/wp-content\/uploads\/2014\/01\/t_znaceniemagura.jpg\" width=\"299\" height=\"199\" \/><\/a><strong>V<\/strong>\u00a0sobotu <span style=\"color: #ff0000;\"><strong>25.janu\u00e1ra 2014 <\/strong><\/span>zorganizoval predseda Kult\u00farno \u0161portovej komisie \u013dubo F. brig\u00e1du na nast\u00e1vaj\u00faci 28. ro\u010dn\u00edk prechodu Magurou. Zraz sa uskuto\u010dnil pri dome Pa\u013eka K. a odtia\u013e sme sa autami odviezli a\u017e k pr\u00edstre\u0161ku na Petrovke. Du\u0161ko F. skontroloval, \u010di z jesene ostala sekera na p\u00f4vodnom mieste a po zauj\u00edmavom Vilovom n\u00e1pade pribi\u0165 be\u017eku na strom, sme sa rozdelili do dvoch skup\u00edn. Prv\u00e1 skupina tvoren\u00e1 \u013dubom, Vilom, Du\u0161anom, J\u00e1nom, Petrom a Milo\u0161om smerovala na hrebe\u0148 Magury na \u0160ubovku. Prv\u00e1 \u010das\u0165 trasy bola pekne vy\u010disten\u00e1, ale pod \u0160ubovkou&#8230;<\/p>\n<p style=\"text-align: justify;\"><a class=\"aligncenter\" title=\"Magura\" href=\"http:\/\/www.cykloklubpodbiel.sk\/?page_id=5399\" target=\"_blank\">&#8230;cel\u00fd \u010dl\u00e1nok <\/a><\/p>\n","protected":false},"excerpt":{"rendered":"<p>V\u00a0sobotu 25.janu\u00e1ra 2014 zorganizoval predseda Kult\u00farno \u0161portovej komisie \u013dubo F. brig\u00e1du na nast\u00e1vaj\u00faci 28. ro\u010dn\u00edk prechodu Magurou. Zraz sa uskuto\u010dnil pri dome Pa\u013eka K. a odtia\u013e sme sa autami odviezli a\u017e k pr\u00edstre\u0161ku na Petrovke. Du\u0161ko F. skontroloval, \u010di z jesene ostala sekera na p\u00f4vodnom mieste a po zauj\u00edmavom Vilovom n\u00e1pade pribi\u0165 be\u017eku na strom, [&hellip;]<\/p>\n","protected":false},"author":1,"featured_media":0,"comment_status":"open","ping_status":"open","sticky":false,"template":"","format":"standard","meta":{"advgb_blocks_editor_width":"","advgb_blocks_columns_visual_guide":"","ngg_post_thumbnail":0},"categories":[1],"tags":[],"author_meta":{"display_name":"\u013dubom\u00edr Franko","author_link":"https:\/\/www.cykloklubpodbiel.sk\/?author=1"},"featured_img":null,"coauthors":[],"tax_additional":{"categories":{"linked":["<a href=\"https:\/\/www.cykloklubpodbiel.sk\/?cat=1\" class=\"advgb-post-tax-term\">Arch\u00edv<\/a>"],"unlinked":["<span class=\"advgb-post-tax-term\">Arch\u00edv<\/span>"]}},"comment_count":"0","relative_dates":{"created":"Posted 12 years ago","modified":"Updated 12 years ago"},"absolute_dates":{"created":"Posted on 26. Janu\u00e1r 2014","modified":"Updated on 26. Janu\u00e1r 2014"},"absolute_dates_time":{"created":"Posted on 26. Janu\u00e1r 2014 15:03","modified":"Updated on 26. Janu\u00e1r 2014 17:04"},"featured_img_caption":"","series_order":"","_links":{"self":[{"href":"https:\/\/www.cykloklubpodbiel.sk\/index.php?rest_route=\/wp\/v2\/posts\/5396"}],"collection":[{"href":"https:\/\/www.cykloklubpodbiel.sk\/index.php?rest_route=\/wp\/v2\/posts"}],"about":[{"href":"https:\/\/www.cykloklubpodbiel.sk\/index.php?rest_route=\/wp\/v2\/types\/post"}],"author":[{"embeddable":true,"href":"https:\/\/www.cykloklubpodbiel.sk\/index.php?rest_route=\/wp\/v2\/users\/1"}],"replies":[{"embeddable":true,"href":"https:\/\/www.cykloklubpodbiel.sk\/index.php?rest_route=%2Fwp%2Fv2%2Fcomments&post=5396"}],"version-history":[{"count":8,"href":"https:\/\/www.cykloklubpodbiel.sk\/index.php?rest_route=\/wp\/v2\/posts\/5396\/revisions"}],"predecessor-version":[{"id":5412,"href":"https:\/\/www.cykloklubpodbiel.sk\/index.php?rest_route=\/wp\/v2\/posts\/5396\/revisions\/5412"}],"wp:attachment":[{"href":"https:\/\/www.cykloklubpodbiel.sk\/index.php?rest_route=%2Fwp%2Fv2%2Fmedia&parent=5396"}],"wp:term":[{"taxonomy":"category","embeddable":true,"href":"https:\/\/www.cykloklubpodbiel.sk\/index.php?rest_route=%2Fwp%2Fv2%2Fcategories&post=5396"},{"taxonomy":"post_tag","embeddable":true,"href":"https:\/\/www.cykloklubpodbiel.sk\/index.php?rest_route=%2Fwp%2Fv2%2Ftags&post=5396"}],"curies":[{"name":"wp","href":"https:\/\/api.w.org\/{rel}","templated":true}]}}