{"id":5254,"date":"2014-01-01T14:25:51","date_gmt":"2014-01-01T13:25:51","guid":{"rendered":"http:\/\/www.cykloklubpodbiel.sk\/?p=5254"},"modified":"2014-01-01T16:46:36","modified_gmt":"2014-01-01T15:46:36","slug":"silvestrovska-kapustnica-3","status":"publish","type":"post","link":"https:\/\/www.cykloklubpodbiel.sk\/?p=5254","title":{"rendered":"Silvestrovsk\u00e1 kapustnica"},"content":{"rendered":"<p><a href=\"http:\/\/www.cykloklubpodbiel.sk\/wp-content\/uploads\/2013\/12\/kapustnica.jpg\"><img loading=\"lazy\" class=\"alignleft size-medium wp-image-4603\" title=\"Spolo\u010dn\u00e9 foto na \u010cervenej skale\" src=\"http:\/\/www.cykloklubpodbiel.sk\/wp-content\/uploads\/2013\/12\/t_kapustnica.jpg\" alt=\"\" width=\"299\" height=\"199\" \/><\/a><strong>V<\/strong> utorok <span style=\"color: #ff0000;\"><strong>31.decembra 2013<\/strong><\/span> sme sa r\u00e1no zobudili do posledn\u00e9ho d\u0148a v roku 2013. Po\u010dasie vonku v\u00f4bec nenasv\u00e4d\u010dovalo tomu, \u017ee je Silvester. Po snehu nebolo ani n\u00e1znaku, iba na vrcholoch Z\u00e1padn\u00fdch Tatier sa to trochu belelo. U\u017e r\u00e1no pred desiatou hodinou sme na \u010cervenej skale zap\u00e1lili ohe\u0148 pod kotl\u00edk, kde mal \u0161\u00e9fkuch\u00e1r Pa\u013eo ve\u013emi zodpovedn\u00fa \u00falohu. Navari\u0165 chutn\u00fa kapustnicu pre takmer 60 \u013eud\u00ed. Postupne prich\u00e1dzali prv\u00ed \u00fa\u010dastn\u00edci, ktor\u00fdch sme patri\u010dne priv\u00edtali. Niektor\u00ed doniesli aj dom\u00e1cu kapustnicu zo s\u00fadka a \u00fadeninku&#8230;<\/p>\n<p style=\"text-align: justify;\"><a class=\"aligncenter\" title=\"\u010cerven\u00e1 skala\" href=\"http:\/\/www.cykloklubpodbiel.sk\/?page_id=5257\" target=\"_blank\">&#8230;cel\u00fd \u010dl\u00e1nok <\/a><\/p>\n","protected":false},"excerpt":{"rendered":"<p>V utorok 31.decembra 2013 sme sa r\u00e1no zobudili do posledn\u00e9ho d\u0148a v roku 2013. Po\u010dasie vonku v\u00f4bec nenasv\u00e4d\u010dovalo tomu, \u017ee je Silvester. Po snehu nebolo ani n\u00e1znaku, iba na vrcholoch Z\u00e1padn\u00fdch Tatier sa to trochu belelo. U\u017e r\u00e1no pred desiatou hodinou sme na \u010cervenej skale zap\u00e1lili ohe\u0148 pod kotl\u00edk, kde mal \u0161\u00e9fkuch\u00e1r Pa\u013eo ve\u013emi zodpovedn\u00fa [&hellip;]<\/p>\n","protected":false},"author":1,"featured_media":0,"comment_status":"open","ping_status":"open","sticky":false,"template":"","format":"standard","meta":{"advgb_blocks_editor_width":"","advgb_blocks_columns_visual_guide":"","ngg_post_thumbnail":0},"categories":[1],"tags":[],"author_meta":{"display_name":"\u013dubom\u00edr Franko","author_link":"https:\/\/www.cykloklubpodbiel.sk\/?author=1"},"featured_img":null,"coauthors":[],"tax_additional":{"categories":{"linked":["<a href=\"https:\/\/www.cykloklubpodbiel.sk\/?cat=1\" class=\"advgb-post-tax-term\">Arch\u00edv<\/a>"],"unlinked":["<span class=\"advgb-post-tax-term\">Arch\u00edv<\/span>"]}},"comment_count":"0","relative_dates":{"created":"Posted 12 years ago","modified":"Updated 12 years ago"},"absolute_dates":{"created":"Posted on 1. Janu\u00e1r 2014","modified":"Updated on 1. Janu\u00e1r 2014"},"absolute_dates_time":{"created":"Posted on 1. Janu\u00e1r 2014 14:25","modified":"Updated on 1. Janu\u00e1r 2014 16:46"},"featured_img_caption":"","series_order":"","_links":{"self":[{"href":"https:\/\/www.cykloklubpodbiel.sk\/index.php?rest_route=\/wp\/v2\/posts\/5254"}],"collection":[{"href":"https:\/\/www.cykloklubpodbiel.sk\/index.php?rest_route=\/wp\/v2\/posts"}],"about":[{"href":"https:\/\/www.cykloklubpodbiel.sk\/index.php?rest_route=\/wp\/v2\/types\/post"}],"author":[{"embeddable":true,"href":"https:\/\/www.cykloklubpodbiel.sk\/index.php?rest_route=\/wp\/v2\/users\/1"}],"replies":[{"embeddable":true,"href":"https:\/\/www.cykloklubpodbiel.sk\/index.php?rest_route=%2Fwp%2Fv2%2Fcomments&post=5254"}],"version-history":[{"count":6,"href":"https:\/\/www.cykloklubpodbiel.sk\/index.php?rest_route=\/wp\/v2\/posts\/5254\/revisions"}],"predecessor-version":[{"id":5264,"href":"https:\/\/www.cykloklubpodbiel.sk\/index.php?rest_route=\/wp\/v2\/posts\/5254\/revisions\/5264"}],"wp:attachment":[{"href":"https:\/\/www.cykloklubpodbiel.sk\/index.php?rest_route=%2Fwp%2Fv2%2Fmedia&parent=5254"}],"wp:term":[{"taxonomy":"category","embeddable":true,"href":"https:\/\/www.cykloklubpodbiel.sk\/index.php?rest_route=%2Fwp%2Fv2%2Fcategories&post=5254"},{"taxonomy":"post_tag","embeddable":true,"href":"https:\/\/www.cykloklubpodbiel.sk\/index.php?rest_route=%2Fwp%2Fv2%2Ftags&post=5254"}],"curies":[{"name":"wp","href":"https:\/\/api.w.org\/{rel}","templated":true}]}}