{"id":489,"date":"2010-04-11T21:25:56","date_gmt":"2010-04-11T20:25:56","guid":{"rendered":"http:\/\/www.cykloklubpodbiel.sk\/?p=489"},"modified":"2010-05-03T19:52:00","modified_gmt":"2010-05-03T18:52:00","slug":"najblizsia-akcia-turisticky-prechod-ostrazica-cervena-skala","status":"publish","type":"post","link":"https:\/\/www.cykloklubpodbiel.sk\/?p=489","title":{"rendered":"Ni\u017en\u00e1-\u010cerven\u00e1 skala"},"content":{"rendered":"<div class=\"mceTemp\">\n<div class=\"mceTemp\"><span style=\"font-size: x-small;\"> <\/span><\/div>\n<div id=\"attachment_150\" style=\"width: 310px\" class=\"wp-caption alignleft\"><a href=\"http:\/\/www.cykloklubpodbiel.sk\/wp-content\/uploads\/2010\/04\/cervenaskala.jpg\"><strong><img aria-describedby=\"caption-attachment-150\" loading=\"lazy\" class=\"size-medium wp-image-150\" title=\"Po\u010das t\u00fary nad Ni\u017enou\" src=\"http:\/\/www.cykloklubpodbiel.sk\/wp-content\/uploads\/2010\/04\/t_cervenaskala.jpg\" alt=\"Na\u0161e rezk\u00e9 kroky putovali po l\u00fakach\" width=\"300\" height=\"199\" \/><\/strong><\/a><p id=\"caption-attachment-150\" class=\"wp-caption-text\">Na\u0161e rezk\u00e9 kroky putovali po l\u00fakach<\/p><\/div>\n<p style=\"text-align: justify;\"><span style=\"color: #000000;\"><strong>V<\/strong> nede\u013eu 11.apr\u00edla 2010 sme sa vybrali na prv\u00fd jarn\u00fd turistick\u00fd v\u00fdstup Podbiel-Ni\u017en\u00e1-\u010cerven\u00e1 skala-Podbiel. P\u00f4vodne sme mali napl\u00e1novan\u00e9 zdola\u0165 aj Ostra\u017eicu, no po\u010dasie bolo ve\u013emi nepriazniv\u00e9. Bola\u00a0celkovo zima, iba okolo 7 stup\u0148ov, mrholilo a f\u00fakal silnej\u0161\u00ed vietor. To sa aj odzrkadlilo na \u00fa\u010dasti, ke\u010f sme absolvovali t\u00fato trasu iba siedmi \u010dlenovia. Pe\u0161o sme sa vybrali okolo rieky Orava do Ni\u017enej,\u00a0potom sme odbo\u010dili na R\u00fabanku, kde v letn\u00fdch mesiacoch prebiehaj\u00fa preteky v krose na motork\u00e1ch. Iba po prejden\u00ed nieko\u013ek\u00fdch metrov sme mali cel\u00fa obec Ni\u017en\u00e1 ako&#8230; <\/span><a class=\"aligncenter\" title=\"chata L\u00e1tan\u00e1\" href=\"http:\/\/www.cykloklubpodbiel.sk\/?page_id=509\" target=\"_blank\">&#8230;cel\u00fd \u010dl\u00e1nok <\/a><\/p>\n<\/div>\n","protected":false},"excerpt":{"rendered":"<p>V nede\u013eu 11.apr\u00edla 2010 sme sa vybrali na prv\u00fd jarn\u00fd turistick\u00fd v\u00fdstup Podbiel-Ni\u017en\u00e1-\u010cerven\u00e1 skala-Podbiel. P\u00f4vodne sme mali napl\u00e1novan\u00e9 zdola\u0165 aj Ostra\u017eicu, no po\u010dasie bolo ve\u013emi nepriazniv\u00e9. Bola\u00a0celkovo zima, iba okolo 7 stup\u0148ov, mrholilo a f\u00fakal silnej\u0161\u00ed vietor. To sa aj odzrkadlilo na \u00fa\u010dasti, ke\u010f sme absolvovali t\u00fato trasu iba siedmi \u010dlenovia. Pe\u0161o sme sa vybrali [&hellip;]<\/p>\n","protected":false},"author":1,"featured_media":0,"comment_status":"open","ping_status":"open","sticky":false,"template":"","format":"standard","meta":{"advgb_blocks_editor_width":"","advgb_blocks_columns_visual_guide":"","ngg_post_thumbnail":0},"categories":[1],"tags":[],"author_meta":{"display_name":"\u013dubom\u00edr Franko","author_link":"https:\/\/www.cykloklubpodbiel.sk\/?author=1"},"featured_img":null,"coauthors":[],"tax_additional":{"categories":{"linked":["<a href=\"https:\/\/www.cykloklubpodbiel.sk\/?cat=1\" class=\"advgb-post-tax-term\">Arch\u00edv<\/a>"],"unlinked":["<span class=\"advgb-post-tax-term\">Arch\u00edv<\/span>"]}},"comment_count":"0","relative_dates":{"created":"Posted 16 years ago","modified":"Updated 16 years ago"},"absolute_dates":{"created":"Posted on 11. Apr\u00edl 2010","modified":"Updated on 3. M\u00e1j 2010"},"absolute_dates_time":{"created":"Posted on 11. Apr\u00edl 2010 21:25","modified":"Updated on 3. M\u00e1j 2010 19:52"},"featured_img_caption":"","series_order":"","_links":{"self":[{"href":"https:\/\/www.cykloklubpodbiel.sk\/index.php?rest_route=\/wp\/v2\/posts\/489"}],"collection":[{"href":"https:\/\/www.cykloklubpodbiel.sk\/index.php?rest_route=\/wp\/v2\/posts"}],"about":[{"href":"https:\/\/www.cykloklubpodbiel.sk\/index.php?rest_route=\/wp\/v2\/types\/post"}],"author":[{"embeddable":true,"href":"https:\/\/www.cykloklubpodbiel.sk\/index.php?rest_route=\/wp\/v2\/users\/1"}],"replies":[{"embeddable":true,"href":"https:\/\/www.cykloklubpodbiel.sk\/index.php?rest_route=%2Fwp%2Fv2%2Fcomments&post=489"}],"version-history":[{"count":31,"href":"https:\/\/www.cykloklubpodbiel.sk\/index.php?rest_route=\/wp\/v2\/posts\/489\/revisions"}],"predecessor-version":[{"id":654,"href":"https:\/\/www.cykloklubpodbiel.sk\/index.php?rest_route=\/wp\/v2\/posts\/489\/revisions\/654"}],"wp:attachment":[{"href":"https:\/\/www.cykloklubpodbiel.sk\/index.php?rest_route=%2Fwp%2Fv2%2Fmedia&parent=489"}],"wp:term":[{"taxonomy":"category","embeddable":true,"href":"https:\/\/www.cykloklubpodbiel.sk\/index.php?rest_route=%2Fwp%2Fv2%2Fcategories&post=489"},{"taxonomy":"post_tag","embeddable":true,"href":"https:\/\/www.cykloklubpodbiel.sk\/index.php?rest_route=%2Fwp%2Fv2%2Ftags&post=489"}],"curies":[{"name":"wp","href":"https:\/\/api.w.org\/{rel}","templated":true}]}}