{"id":4803,"date":"2013-06-25T20:17:56","date_gmt":"2013-06-25T19:17:56","guid":{"rendered":"http:\/\/www.cykloklubpodbiel.sk\/?p=4803"},"modified":"2013-06-29T13:41:56","modified_gmt":"2013-06-29T12:41:56","slug":"vystup-na-sivy-vrch","status":"publish","type":"post","link":"https:\/\/www.cykloklubpodbiel.sk\/?p=4803","title":{"rendered":"v\u00fdstup na Siv\u00fd vrch"},"content":{"rendered":"<p><a href=\"http:\/\/www.cykloklubpodbiel.sk\/wp-content\/uploads\/2013\/06\/sivyvrch.jpg\"><img loading=\"lazy\" class=\"alignleft size-medium wp-image-4603\" title=\"Spolo\u010dn\u00e9 foto na vrchole Siv\u00e9ho vrchu\" src=\"http:\/\/www.cykloklubpodbiel.sk\/wp-content\/uploads\/2013\/06\/t_sivyvrch.jpg\" alt=\"\" width=\"299\" height=\"199\" \/><\/a><strong>V<\/strong> nede\u013eu <span style=\"color: #ff0000;\"><strong>16.j\u00fana 2013<\/strong><\/span> sa ofici\u00e1lne otv\u00e1rala letn\u00e1 turistick\u00e1 sez\u00f3na a vysokohorsk\u00e9 chodn\u00edky, preto sme sa aj my, 12-\u010dlenn\u00e1 skupinka rozhodli absolvova\u0165 nejak\u00fa vysokohorsk\u00fa t\u00faru. P\u00f4vodne sme mali napl\u00e1novan\u00fd v\u00fdstup na L\u00fa\u010dnu, ale ke\u010f\u017ee v\u00e4\u010d\u0161ina \u00fa\u010dastn\u00edkov e\u0161te nebola na Sivom vrchu a rysovalo sa pekn\u00e9 po\u010dasie a v\u00fdborn\u00fd v\u00fdh\u013ead, zmenili sme dne\u0161n\u00fd cie\u013e v\u00fdstupu. U\u017e prv\u00e9 metre od H\u00fat nazna\u010dovali, \u017ee dnes bude na trase ru\u0161no, nako\u013eko i\u0161la s nami ve\u013ek\u00e1 skupinka (pln\u00fd autobus) po\u013esk\u00fdch turistov aj so sprievodcom&#8230;<\/p>\n<p style=\"text-align: justify;\"><a class=\"aligncenter\" title=\"Siv\u00fd vrch\" href=\"http:\/\/www.cykloklubpodbiel.sk\/?page_id=4812\" target=\"_blank\">&#8230;cel\u00fd \u010dl\u00e1nok <\/a><\/p>\n","protected":false},"excerpt":{"rendered":"<p>V nede\u013eu 16.j\u00fana 2013 sa ofici\u00e1lne otv\u00e1rala letn\u00e1 turistick\u00e1 sez\u00f3na a vysokohorsk\u00e9 chodn\u00edky, preto sme sa aj my, 12-\u010dlenn\u00e1 skupinka rozhodli absolvova\u0165 nejak\u00fa vysokohorsk\u00fa t\u00faru. P\u00f4vodne sme mali napl\u00e1novan\u00fd v\u00fdstup na L\u00fa\u010dnu, ale ke\u010f\u017ee v\u00e4\u010d\u0161ina \u00fa\u010dastn\u00edkov e\u0161te nebola na Sivom vrchu a rysovalo sa pekn\u00e9 po\u010dasie a v\u00fdborn\u00fd v\u00fdh\u013ead, zmenili sme dne\u0161n\u00fd cie\u013e v\u00fdstupu. U\u017e [&hellip;]<\/p>\n","protected":false},"author":1,"featured_media":0,"comment_status":"open","ping_status":"open","sticky":false,"template":"","format":"standard","meta":{"advgb_blocks_editor_width":"","advgb_blocks_columns_visual_guide":"","ngg_post_thumbnail":0},"categories":[1],"tags":[],"author_meta":{"display_name":"\u013dubom\u00edr Franko","author_link":"https:\/\/www.cykloklubpodbiel.sk\/?author=1"},"featured_img":null,"coauthors":[],"tax_additional":{"categories":{"linked":["<a href=\"https:\/\/www.cykloklubpodbiel.sk\/?cat=1\" class=\"advgb-post-tax-term\">Arch\u00edv<\/a>"],"unlinked":["<span class=\"advgb-post-tax-term\">Arch\u00edv<\/span>"]}},"comment_count":"0","relative_dates":{"created":"Posted 13 years ago","modified":"Updated 13 years ago"},"absolute_dates":{"created":"Posted on 25. J\u00fan 2013","modified":"Updated on 29. J\u00fan 2013"},"absolute_dates_time":{"created":"Posted on 25. J\u00fan 2013 20:17","modified":"Updated on 29. J\u00fan 2013 13:41"},"featured_img_caption":"","series_order":"","_links":{"self":[{"href":"https:\/\/www.cykloklubpodbiel.sk\/index.php?rest_route=\/wp\/v2\/posts\/4803"}],"collection":[{"href":"https:\/\/www.cykloklubpodbiel.sk\/index.php?rest_route=\/wp\/v2\/posts"}],"about":[{"href":"https:\/\/www.cykloklubpodbiel.sk\/index.php?rest_route=\/wp\/v2\/types\/post"}],"author":[{"embeddable":true,"href":"https:\/\/www.cykloklubpodbiel.sk\/index.php?rest_route=\/wp\/v2\/users\/1"}],"replies":[{"embeddable":true,"href":"https:\/\/www.cykloklubpodbiel.sk\/index.php?rest_route=%2Fwp%2Fv2%2Fcomments&post=4803"}],"version-history":[{"count":13,"href":"https:\/\/www.cykloklubpodbiel.sk\/index.php?rest_route=\/wp\/v2\/posts\/4803\/revisions"}],"predecessor-version":[{"id":4839,"href":"https:\/\/www.cykloklubpodbiel.sk\/index.php?rest_route=\/wp\/v2\/posts\/4803\/revisions\/4839"}],"wp:attachment":[{"href":"https:\/\/www.cykloklubpodbiel.sk\/index.php?rest_route=%2Fwp%2Fv2%2Fmedia&parent=4803"}],"wp:term":[{"taxonomy":"category","embeddable":true,"href":"https:\/\/www.cykloklubpodbiel.sk\/index.php?rest_route=%2Fwp%2Fv2%2Fcategories&post=4803"},{"taxonomy":"post_tag","embeddable":true,"href":"https:\/\/www.cykloklubpodbiel.sk\/index.php?rest_route=%2Fwp%2Fv2%2Ftags&post=4803"}],"curies":[{"name":"wp","href":"https:\/\/api.w.org\/{rel}","templated":true}]}}