{"id":4723,"date":"2013-06-22T20:40:34","date_gmt":"2013-06-22T19:40:34","guid":{"rendered":"http:\/\/www.cykloklubpodbiel.sk\/?p=4723"},"modified":"2013-07-12T18:29:45","modified_gmt":"2013-07-12T17:29:45","slug":"protivanov-morava-2013","status":"publish","type":"post","link":"https:\/\/www.cykloklubpodbiel.sk\/?p=4723","title":{"rendered":"Moravsk\u00fd kras 2013"},"content":{"rendered":"<p><a href=\"http:\/\/www.cykloklubpodbiel.sk\/wp-content\/uploads\/2013\/06\/protivanovclanok.jpg\"><img loading=\"lazy\" class=\"alignleft size-medium wp-image-4603\" title=\"\u00da\u010dastn\u00edci prechodu na Hrach\u00e1rskom\" src=\"http:\/\/www.cykloklubpodbiel.sk\/wp-content\/uploads\/2013\/06\/t_protivanovclanok.jpg\" alt=\"\" width=\"299\" height=\"199\" \/><\/a><strong>V<\/strong> stredu <span style=\"color: #ff0000;\">5.j\u00fana 2013<\/span> sme partia 16 \u010dlenov CTK Podbiel ve\u010der za studen\u00e9ho a takmer da\u017ediv\u00e9ho po\u010dasia zav\u00edtali do rekrea\u010dn\u00e9ho strediska Protivanov (b\u00fdval\u00e9ho pionierskeho t\u00e1bora) pri Moravskom krase. Tu n\u00e1s priv\u00edtali &#8220;dom\u00e1ci&#8221; Jirka, L\u00e1\u010fa a \u013dubka chleb\u00ed\u010dkami a pravou moravskou p\u00e1len\u00f4\u010dkou. Po zozn\u00e1men\u00ed sa s prostred\u00edm sme sa zi\u0161li pri kozube, kde sme napl\u00e1novali na\u0161u \u010dinnos\u0165 po\u010das nasleduj\u00facich troch dn\u00ed. Pri v\u00edne\u010dku n\u00e1s Jirka nau\u010dil &#8220;hymnu&#8221; cykloklubu Smr\u017eice, ktor\u00e1 sa niektor\u00fdm vryla tak&#8230;<\/p>\n<p style=\"text-align: justify;\"><a class=\"aligncenter\" title=\"Protivanov\" href=\"http:\/\/www.cykloklubpodbiel.sk\/?page_id=4732\" target=\"_blank\">&#8230;cel\u00fd \u010dl\u00e1nok <\/a><\/p>\n","protected":false},"excerpt":{"rendered":"<p>V stredu 5.j\u00fana 2013 sme partia 16 \u010dlenov CTK Podbiel ve\u010der za studen\u00e9ho a takmer da\u017ediv\u00e9ho po\u010dasia zav\u00edtali do rekrea\u010dn\u00e9ho strediska Protivanov (b\u00fdval\u00e9ho pionierskeho t\u00e1bora) pri Moravskom krase. Tu n\u00e1s priv\u00edtali &#8220;dom\u00e1ci&#8221; Jirka, L\u00e1\u010fa a \u013dubka chleb\u00ed\u010dkami a pravou moravskou p\u00e1len\u00f4\u010dkou. Po zozn\u00e1men\u00ed sa s prostred\u00edm sme sa zi\u0161li pri kozube, kde sme napl\u00e1novali na\u0161u [&hellip;]<\/p>\n","protected":false},"author":1,"featured_media":0,"comment_status":"open","ping_status":"open","sticky":false,"template":"","format":"standard","meta":{"advgb_blocks_editor_width":"","advgb_blocks_columns_visual_guide":"","ngg_post_thumbnail":0},"categories":[1],"tags":[],"author_meta":{"display_name":"\u013dubom\u00edr Franko","author_link":"https:\/\/www.cykloklubpodbiel.sk\/?author=1"},"featured_img":null,"coauthors":[],"tax_additional":{"categories":{"linked":["<a href=\"https:\/\/www.cykloklubpodbiel.sk\/?cat=1\" class=\"advgb-post-tax-term\">Arch\u00edv<\/a>"],"unlinked":["<span class=\"advgb-post-tax-term\">Arch\u00edv<\/span>"]}},"comment_count":"0","relative_dates":{"created":"Posted 13 years ago","modified":"Updated 13 years ago"},"absolute_dates":{"created":"Posted on 22. J\u00fan 2013","modified":"Updated on 12. J\u00fal 2013"},"absolute_dates_time":{"created":"Posted on 22. J\u00fan 2013 20:40","modified":"Updated on 12. J\u00fal 2013 18:29"},"featured_img_caption":"","series_order":"","_links":{"self":[{"href":"https:\/\/www.cykloklubpodbiel.sk\/index.php?rest_route=\/wp\/v2\/posts\/4723"}],"collection":[{"href":"https:\/\/www.cykloklubpodbiel.sk\/index.php?rest_route=\/wp\/v2\/posts"}],"about":[{"href":"https:\/\/www.cykloklubpodbiel.sk\/index.php?rest_route=\/wp\/v2\/types\/post"}],"author":[{"embeddable":true,"href":"https:\/\/www.cykloklubpodbiel.sk\/index.php?rest_route=\/wp\/v2\/users\/1"}],"replies":[{"embeddable":true,"href":"https:\/\/www.cykloklubpodbiel.sk\/index.php?rest_route=%2Fwp%2Fv2%2Fcomments&post=4723"}],"version-history":[{"count":18,"href":"https:\/\/www.cykloklubpodbiel.sk\/index.php?rest_route=\/wp\/v2\/posts\/4723\/revisions"}],"predecessor-version":[{"id":4934,"href":"https:\/\/www.cykloklubpodbiel.sk\/index.php?rest_route=\/wp\/v2\/posts\/4723\/revisions\/4934"}],"wp:attachment":[{"href":"https:\/\/www.cykloklubpodbiel.sk\/index.php?rest_route=%2Fwp%2Fv2%2Fmedia&parent=4723"}],"wp:term":[{"taxonomy":"category","embeddable":true,"href":"https:\/\/www.cykloklubpodbiel.sk\/index.php?rest_route=%2Fwp%2Fv2%2Fcategories&post=4723"},{"taxonomy":"post_tag","embeddable":true,"href":"https:\/\/www.cykloklubpodbiel.sk\/index.php?rest_route=%2Fwp%2Fv2%2Ftags&post=4723"}],"curies":[{"name":"wp","href":"https:\/\/api.w.org\/{rel}","templated":true}]}}