{"id":4589,"date":"2013-03-28T14:31:07","date_gmt":"2013-03-28T13:31:07","guid":{"rendered":"http:\/\/www.cykloklubpodbiel.sk\/?p=4589"},"modified":"2013-03-29T14:50:08","modified_gmt":"2013-03-29T13:50:08","slug":"1-rocnik-oprasenie-starych-lyzi","status":"publish","type":"post","link":"https:\/\/www.cykloklubpodbiel.sk\/?p=4589","title":{"rendered":"1.ro\u010dn\u00edk Opr\u00e1\u0161enie star\u00fdch ly\u017e\u00ed"},"content":{"rendered":"<p><a href=\"http:\/\/www.cykloklubpodbiel.sk\/wp-content\/uploads\/2013\/03\/starelyze.jpg\"><img loading=\"lazy\" class=\"alignleft size-medium wp-image-4603\" title=\"\u00da\u010dastn\u00edci prechodu na Hrach\u00e1rskom\" src=\"http:\/\/www.cykloklubpodbiel.sk\/wp-content\/uploads\/2013\/03\/t_starelyze.jpg\" alt=\"\" width=\"300\" height=\"200\" \/><\/a><strong>P<\/strong>o vydarenom minuloro\u010dnom fa\u0161iangovom nultom ro\u010dn\u00edku, sme aj tento rok <font color=\"#ff0000\"> 17.febru\u00e1ra 2013<\/font> zorganizovali prechod na star\u00fdch ly\u017eiach. Zraz \u00fa\u010dastn\u00edkov prechodu bol pred Obecn\u00fdm \u00faradom v Podbieli. Tu sme sa zi\u0161li historicky ustrojen\u00ed a naladen\u00ed jeden\u00e1sti ly\u017eiari. Niektor\u00e9 ly\u017ee sme trochu &#8220;polie\u010dili&#8221; vymenen\u00edm ko\u017een\u00fdch remienkov, lebo minul\u00fd rok n\u00e1m dva pretrhnut\u00e9 remienky zabrzdili rozbeh na trasu. Smer prechodu sme trochu pozmenili oproti minul\u00e9mu roku. Za\u010diatok sme mali od dreven\u00edc z Bobrovej rale, popod Predn\u00fd vrch a&#8230;<\/p>\n<p style=\"text-align: justify;\"><a class=\"aligncenter\" title=\"stare ly\u017ee\" href=\"http:\/\/www.cykloklubpodbiel.sk\/?page_id=4618\" target=\"_blank\">&#8230;cel\u00fd \u010dl\u00e1nok <\/a><\/p>\n","protected":false},"excerpt":{"rendered":"<p>Po vydarenom minuloro\u010dnom fa\u0161iangovom nultom ro\u010dn\u00edku, sme aj tento rok 17.febru\u00e1ra 2013 zorganizovali prechod na star\u00fdch ly\u017eiach. Zraz \u00fa\u010dastn\u00edkov prechodu bol pred Obecn\u00fdm \u00faradom v Podbieli. Tu sme sa zi\u0161li historicky ustrojen\u00ed a naladen\u00ed jeden\u00e1sti ly\u017eiari. Niektor\u00e9 ly\u017ee sme trochu &#8220;polie\u010dili&#8221; vymenen\u00edm ko\u017een\u00fdch remienkov, lebo minul\u00fd rok n\u00e1m dva pretrhnut\u00e9 remienky zabrzdili rozbeh na trasu. [&hellip;]<\/p>\n","protected":false},"author":1,"featured_media":0,"comment_status":"open","ping_status":"open","sticky":false,"template":"","format":"standard","meta":{"advgb_blocks_editor_width":"","advgb_blocks_columns_visual_guide":"","ngg_post_thumbnail":0},"categories":[1],"tags":[],"author_meta":{"display_name":"\u013dubom\u00edr Franko","author_link":"https:\/\/www.cykloklubpodbiel.sk\/?author=1"},"featured_img":null,"coauthors":[],"tax_additional":{"categories":{"linked":["<a href=\"https:\/\/www.cykloklubpodbiel.sk\/?cat=1\" class=\"advgb-post-tax-term\">Arch\u00edv<\/a>"],"unlinked":["<span class=\"advgb-post-tax-term\">Arch\u00edv<\/span>"]}},"comment_count":"0","relative_dates":{"created":"Posted 13 years ago","modified":"Updated 13 years ago"},"absolute_dates":{"created":"Posted on 28. Marec 2013","modified":"Updated on 29. Marec 2013"},"absolute_dates_time":{"created":"Posted on 28. Marec 2013 14:31","modified":"Updated on 29. Marec 2013 14:50"},"featured_img_caption":"","series_order":"","_links":{"self":[{"href":"https:\/\/www.cykloklubpodbiel.sk\/index.php?rest_route=\/wp\/v2\/posts\/4589"}],"collection":[{"href":"https:\/\/www.cykloklubpodbiel.sk\/index.php?rest_route=\/wp\/v2\/posts"}],"about":[{"href":"https:\/\/www.cykloklubpodbiel.sk\/index.php?rest_route=\/wp\/v2\/types\/post"}],"author":[{"embeddable":true,"href":"https:\/\/www.cykloklubpodbiel.sk\/index.php?rest_route=\/wp\/v2\/users\/1"}],"replies":[{"embeddable":true,"href":"https:\/\/www.cykloklubpodbiel.sk\/index.php?rest_route=%2Fwp%2Fv2%2Fcomments&post=4589"}],"version-history":[{"count":36,"href":"https:\/\/www.cykloklubpodbiel.sk\/index.php?rest_route=\/wp\/v2\/posts\/4589\/revisions"}],"predecessor-version":[{"id":4649,"href":"https:\/\/www.cykloklubpodbiel.sk\/index.php?rest_route=\/wp\/v2\/posts\/4589\/revisions\/4649"}],"wp:attachment":[{"href":"https:\/\/www.cykloklubpodbiel.sk\/index.php?rest_route=%2Fwp%2Fv2%2Fmedia&parent=4589"}],"wp:term":[{"taxonomy":"category","embeddable":true,"href":"https:\/\/www.cykloklubpodbiel.sk\/index.php?rest_route=%2Fwp%2Fv2%2Fcategories&post=4589"},{"taxonomy":"post_tag","embeddable":true,"href":"https:\/\/www.cykloklubpodbiel.sk\/index.php?rest_route=%2Fwp%2Fv2%2Ftags&post=4589"}],"curies":[{"name":"wp","href":"https:\/\/api.w.org\/{rel}","templated":true}]}}