{"id":3902,"date":"2012-09-11T19:27:09","date_gmt":"2012-09-11T18:27:09","guid":{"rendered":"http:\/\/www.cykloklubpodbiel.sk\/?p=3902"},"modified":"2012-09-13T20:08:10","modified_gmt":"2012-09-13T19:08:10","slug":"iv-rocnik-cyklisticka-casovka","status":"publish","type":"post","link":"https:\/\/www.cykloklubpodbiel.sk\/?p=3902","title":{"rendered":"IV.ro\u010dn\u00edk Cyklistick\u00e1 \u010dasovka"},"content":{"rendered":"<div class=\"mceTemp\">\n<div id=\"attachment_167\" style=\"width: 309px\" class=\"wp-caption alignleft\"><a href=\"http:\/\/www.cykloklubpodbiel.sk\/wp-content\/uploads\/2012\/07\/cyklocasovka.jpg\"><strong><img aria-describedby=\"caption-attachment-167\" loading=\"lazy\" class=\"size-medium wp-image-167\" title=\"Stretnutie na Bobrovej rali\" src=\"http:\/\/www.cykloklubpodbiel.sk\/wp-content\/uploads\/2012\/07\/t_cyklocasovka.jpg\" alt=\"Podbiel\" width=\"299\" height=\"167\" \/><\/strong><\/a><p id=\"caption-attachment-167\" class=\"wp-caption-text\">Stretnutie na Bobrovej rali<\/p><\/div>\n<p><span style=\"color: #000000;\"><strong>V<\/strong><\/span>\u00a0sobotu <span style=\"color: #ff0000;\"><strong>28.j\u00fala 2012<\/strong><\/span> <span style=\"color: #000000;\">sa uskuto\u010dnil u\u017e IV.ro\u010dn\u00edk Cyklistick\u00e9ho d\u0148a. Program za\u010dal u\u017e tradi\u010dne jazdou na veter\u00e1n bicykloch v\u00a0dobovom oble\u010den\u00ed po uliciach obce Podbiel. Vek bicyklov siahal aj cez 50 rokov. Bol to jedine\u010dn\u00fd z\u00e1\u017eitok nielen pre n\u00e1s \u00fa\u010dastn\u00edkov, ale ur\u010dite aj pre mno\u017estvo \u013eud\u00ed, ktor\u00ed n\u00e1s v\u00edtali a povzbudzovali po\u010das trasy. Potom nasledoval hlavn\u00fd program &#8220;Cyklistick\u00e1 \u010dasovka v d\u013a\u017eke 460 m, kde sa stretlo hlavne ve\u013ea mlad\u00fdch pretek\u00e1rov, ktor\u00ed s\u00fa\u0165a\u017eili v\u00a013.-tich kateg\u00f3ri\u00e1ch.\u00a0 Ka\u017ed\u00fd&#8230;<\/span><\/p>\n<p style=\"text-align: justify;\"><a class=\"aligncenter\" title=\"Oravice\" href=\"http:\/\/www.cykloklubpodbiel.sk\/?page_id=3904\" target=\"_blank\">&#8230;cel\u00fd \u010dl\u00e1nok <\/a><\/p>\n<\/div>\n","protected":false},"excerpt":{"rendered":"<p>V\u00a0sobotu 28.j\u00fala 2012 sa uskuto\u010dnil u\u017e IV.ro\u010dn\u00edk Cyklistick\u00e9ho d\u0148a. Program za\u010dal u\u017e tradi\u010dne jazdou na veter\u00e1n bicykloch v\u00a0dobovom oble\u010den\u00ed po uliciach obce Podbiel. Vek bicyklov siahal aj cez 50 rokov. Bol to jedine\u010dn\u00fd z\u00e1\u017eitok nielen pre n\u00e1s \u00fa\u010dastn\u00edkov, ale ur\u010dite aj pre mno\u017estvo \u013eud\u00ed, ktor\u00ed n\u00e1s v\u00edtali a povzbudzovali po\u010das trasy. Potom nasledoval hlavn\u00fd program [&hellip;]<\/p>\n","protected":false},"author":1,"featured_media":0,"comment_status":"open","ping_status":"open","sticky":false,"template":"","format":"standard","meta":{"advgb_blocks_editor_width":"","advgb_blocks_columns_visual_guide":"","ngg_post_thumbnail":0},"categories":[1],"tags":[],"author_meta":{"display_name":"\u013dubom\u00edr Franko","author_link":"https:\/\/www.cykloklubpodbiel.sk\/?author=1"},"featured_img":null,"coauthors":[],"tax_additional":{"categories":{"linked":["<a href=\"https:\/\/www.cykloklubpodbiel.sk\/?cat=1\" class=\"advgb-post-tax-term\">Arch\u00edv<\/a>"],"unlinked":["<span class=\"advgb-post-tax-term\">Arch\u00edv<\/span>"]}},"comment_count":"0","relative_dates":{"created":"Posted 14 years ago","modified":"Updated 14 years ago"},"absolute_dates":{"created":"Posted on 11. September 2012","modified":"Updated on 13. September 2012"},"absolute_dates_time":{"created":"Posted on 11. September 2012 19:27","modified":"Updated on 13. September 2012 20:08"},"featured_img_caption":"","series_order":"","_links":{"self":[{"href":"https:\/\/www.cykloklubpodbiel.sk\/index.php?rest_route=\/wp\/v2\/posts\/3902"}],"collection":[{"href":"https:\/\/www.cykloklubpodbiel.sk\/index.php?rest_route=\/wp\/v2\/posts"}],"about":[{"href":"https:\/\/www.cykloklubpodbiel.sk\/index.php?rest_route=\/wp\/v2\/types\/post"}],"author":[{"embeddable":true,"href":"https:\/\/www.cykloklubpodbiel.sk\/index.php?rest_route=\/wp\/v2\/users\/1"}],"replies":[{"embeddable":true,"href":"https:\/\/www.cykloklubpodbiel.sk\/index.php?rest_route=%2Fwp%2Fv2%2Fcomments&post=3902"}],"version-history":[{"count":17,"href":"https:\/\/www.cykloklubpodbiel.sk\/index.php?rest_route=\/wp\/v2\/posts\/3902\/revisions"}],"predecessor-version":[{"id":4504,"href":"https:\/\/www.cykloklubpodbiel.sk\/index.php?rest_route=\/wp\/v2\/posts\/3902\/revisions\/4504"}],"wp:attachment":[{"href":"https:\/\/www.cykloklubpodbiel.sk\/index.php?rest_route=%2Fwp%2Fv2%2Fmedia&parent=3902"}],"wp:term":[{"taxonomy":"category","embeddable":true,"href":"https:\/\/www.cykloklubpodbiel.sk\/index.php?rest_route=%2Fwp%2Fv2%2Fcategories&post=3902"},{"taxonomy":"post_tag","embeddable":true,"href":"https:\/\/www.cykloklubpodbiel.sk\/index.php?rest_route=%2Fwp%2Fv2%2Ftags&post=3902"}],"curies":[{"name":"wp","href":"https:\/\/api.w.org\/{rel}","templated":true}]}}