{"id":3782,"date":"2012-07-05T15:50:12","date_gmt":"2012-07-05T14:50:12","guid":{"rendered":"http:\/\/www.cykloklubpodbiel.sk\/?p=3782"},"modified":"2012-07-05T17:50:33","modified_gmt":"2012-07-05T16:50:33","slug":"tatranska-magistrala","status":"publish","type":"post","link":"https:\/\/www.cykloklubpodbiel.sk\/?p=3782","title":{"rendered":"Tatransk\u00e1 magistr\u00e1la"},"content":{"rendered":"<div class=\"mceTemp\">\n<div class=\"mceTemp\"><\/div>\n<div id=\"attachment_199\" style=\"width: 309px\" class=\"wp-caption alignleft\"><a href=\"http:\/\/www.cykloklubpodbiel.sk\/wp-content\/uploads\/2012\/05\/matiasovce.jpg\"><strong><img aria-describedby=\"caption-attachment-199\" loading=\"lazy\" class=\"size-medium wp-image-199\" title=\"Chodn\u00edk Tatranskou magistr\u00e1lou vedie kr\u00e1snou pr\u00edrodou\" src=\"http:\/\/www.cykloklubpodbiel.sk\/wp-content\/uploads\/2012\/05\/t_matiasovce.jpg\" alt=\"Tatransk\u00e1 magistr\u00e1la\" width=\"299\" height=\"199\" \/><\/strong><\/a><p id=\"caption-attachment-199\" class=\"wp-caption-text\">Chodn\u00edk Tatranskou magistr\u00e1lou vedie kr\u00e1snou pr\u00edrodou<\/p><\/div>\n<p>&nbsp;<\/p>\n<p><span style=\"color: #000000;\">V\u00a0nede\u013eu <span style=\"color: #ff0000;\"><strong>20.m\u00e1ja 2012<\/strong><\/span> sme nalo\u017eili svoje dvojkolesov\u00e9 t\u00e1to\u0161e na na\u0161e \u0161tvorkolesov\u00e9 t\u00e1to\u0161e a pre\u0161li sme cez kopec <strong><em>Holica<\/em><\/strong> do dedinky <strong><em>Liptovsk\u00e9 Matia\u0161ovce<\/em><\/strong>. Boli aj tak\u00fd odv\u00e1\u017elivci, ako \u013dubo Franko, \u017ee prejdu <strong><em>Holicu<\/em><\/strong> na bicykli, ale po dlhom prehov\u00e1ran\u00ed &#8220;hne\u010f&#8221; sa rozhodli \u00eds\u0165 do Matia\u0161oviec na aute. Tu sme zaparkovali aut\u00e1, zlo\u017eili bicykle a pln\u00fd el\u00e1nu sme\u00a0vy\u0161tartovali na Tatransk\u00fa Magistr\u00e1lu. Na za\u010diatku n\u00e1s \u010dakalo mal\u00e9 st\u00fapanie, ktor\u00e9 \u00a0prekvapilo nov\u00e9ho \u010dlena Roba G., ale v pohode to zvl\u00e1dol. Pre\u0161li sme <strong><em>Bobroveckou dolinou&#8230;<\/em><\/strong><br \/>\n<\/span><\/p>\n<p style=\"text-align: justify;\"><a class=\"aligncenter\" title=\"Oravsk\u00e1 priehrada\" href=\"http:\/\/www.cykloklubpodbiel.sk\/?page_id=3789\" target=\"_blank\">&#8230;cel\u00fd \u010dl\u00e1nok <\/a><\/p>\n<\/div>\n","protected":false},"excerpt":{"rendered":"<p>&nbsp; V\u00a0nede\u013eu 20.m\u00e1ja 2012 sme nalo\u017eili svoje dvojkolesov\u00e9 t\u00e1to\u0161e na na\u0161e \u0161tvorkolesov\u00e9 t\u00e1to\u0161e a pre\u0161li sme cez kopec Holica do dedinky Liptovsk\u00e9 Matia\u0161ovce. Boli aj tak\u00fd odv\u00e1\u017elivci, ako \u013dubo Franko, \u017ee prejdu Holicu na bicykli, ale po dlhom prehov\u00e1ran\u00ed &#8220;hne\u010f&#8221; sa rozhodli \u00eds\u0165 do Matia\u0161oviec na aute. Tu sme zaparkovali aut\u00e1, zlo\u017eili bicykle a pln\u00fd [&hellip;]<\/p>\n","protected":false},"author":1,"featured_media":0,"comment_status":"open","ping_status":"open","sticky":false,"template":"","format":"standard","meta":{"advgb_blocks_editor_width":"","advgb_blocks_columns_visual_guide":"","ngg_post_thumbnail":0},"categories":[1],"tags":[],"author_meta":{"display_name":"\u013dubom\u00edr Franko","author_link":"https:\/\/www.cykloklubpodbiel.sk\/?author=1"},"featured_img":null,"coauthors":[],"tax_additional":{"categories":{"linked":["<a href=\"https:\/\/www.cykloklubpodbiel.sk\/?cat=1\" class=\"advgb-post-tax-term\">Arch\u00edv<\/a>"],"unlinked":["<span class=\"advgb-post-tax-term\">Arch\u00edv<\/span>"]}},"comment_count":"0","relative_dates":{"created":"Posted 14 years ago","modified":"Updated 14 years ago"},"absolute_dates":{"created":"Posted on 5. J\u00fal 2012","modified":"Updated on 5. J\u00fal 2012"},"absolute_dates_time":{"created":"Posted on 5. J\u00fal 2012 15:50","modified":"Updated on 5. J\u00fal 2012 17:50"},"featured_img_caption":"","series_order":"","_links":{"self":[{"href":"https:\/\/www.cykloklubpodbiel.sk\/index.php?rest_route=\/wp\/v2\/posts\/3782"}],"collection":[{"href":"https:\/\/www.cykloklubpodbiel.sk\/index.php?rest_route=\/wp\/v2\/posts"}],"about":[{"href":"https:\/\/www.cykloklubpodbiel.sk\/index.php?rest_route=\/wp\/v2\/types\/post"}],"author":[{"embeddable":true,"href":"https:\/\/www.cykloklubpodbiel.sk\/index.php?rest_route=\/wp\/v2\/users\/1"}],"replies":[{"embeddable":true,"href":"https:\/\/www.cykloklubpodbiel.sk\/index.php?rest_route=%2Fwp%2Fv2%2Fcomments&post=3782"}],"version-history":[{"count":9,"href":"https:\/\/www.cykloklubpodbiel.sk\/index.php?rest_route=\/wp\/v2\/posts\/3782\/revisions"}],"predecessor-version":[{"id":3818,"href":"https:\/\/www.cykloklubpodbiel.sk\/index.php?rest_route=\/wp\/v2\/posts\/3782\/revisions\/3818"}],"wp:attachment":[{"href":"https:\/\/www.cykloklubpodbiel.sk\/index.php?rest_route=%2Fwp%2Fv2%2Fmedia&parent=3782"}],"wp:term":[{"taxonomy":"category","embeddable":true,"href":"https:\/\/www.cykloklubpodbiel.sk\/index.php?rest_route=%2Fwp%2Fv2%2Fcategories&post=3782"},{"taxonomy":"post_tag","embeddable":true,"href":"https:\/\/www.cykloklubpodbiel.sk\/index.php?rest_route=%2Fwp%2Fv2%2Ftags&post=3782"}],"curies":[{"name":"wp","href":"https:\/\/api.w.org\/{rel}","templated":true}]}}