{"id":3624,"date":"2012-05-12T20:33:56","date_gmt":"2012-05-12T19:33:56","guid":{"rendered":"http:\/\/www.cykloklubpodbiel.sk\/?p=3624"},"modified":"2012-05-12T20:33:56","modified_gmt":"2012-05-12T19:33:56","slug":"brigada-na-cervenej-skale","status":"publish","type":"post","link":"https:\/\/www.cykloklubpodbiel.sk\/?p=3624","title":{"rendered":"brig\u00e1da na \u010cervenej skale"},"content":{"rendered":"<div class=\"mceTemp\">\n<div class=\"mceTemp\"><\/div>\n<div id=\"attachment_199\" style=\"width: 309px\" class=\"wp-caption alignleft\"><a href=\"http:\/\/www.cykloklubpodbiel.sk\/wp-content\/uploads\/2012\/05\/brigadacskala.jpg\"><strong><img aria-describedby=\"caption-attachment-199\" loading=\"lazy\" class=\"size-medium wp-image-199\" title=\"Zakladanie strie\u0161ky na samoraste\" src=\"http:\/\/www.cykloklubpodbiel.sk\/wp-content\/uploads\/2012\/05\/t_brigadacskala.jpg\" alt=\"\u010cervena skala\" width=\"299\" height=\"199\" \/><\/strong><\/a><p id=\"caption-attachment-199\" class=\"wp-caption-text\">Zakladanie strie\u0161ky na samoraste<\/p><\/div>\n<p><strong>V<\/strong> sobotu <span style=\"color: #ff0000;\"><strong>5.m\u00e1ja <\/strong><strong>2012<\/strong><\/span> <span style=\"color: #000000;\">n\u00e1s \u010dakala prv\u00e1 brig\u00e1da v tomto roku. Pr\u00e1ce sme mali pripravenej naozaj ve\u013ea, preto je ve\u013ek\u00e1 \u0161koda, \u017ee niektor\u00ed \u010dlenovia nemaj\u00fa z\u00e1ujem o tak\u00fato \u010dinnos\u0165. No aj napriek tomu sme sa 7 \u010dlenovia r\u00e1no stretli a rozdelili si \u00falohy. Na\u0161ou hlavnou \u00falohou za kr\u00e1sneho slne\u010dn\u00e9ho po\u010dasia bolo osadi\u0165 strie\u0161ky na tri samorasty, ktor\u00e9 bud\u00fa sl\u00fa\u017ei\u0165 na vyzna\u010denie turistick\u00e9ho chodn\u00edka na \u010cerven\u00fa skalu a Petrovku. \u010ealej sa vybudovali schody v najstrm\u0161om \u00faseku smerom na \u010cerven\u00fa skalu. Podarilo sa n\u00e1m vykona\u0165 op\u00e4\u0165 ve\u013ek\u00fd kus pr\u00e1ce, ktor\u00e1&#8230;<br \/>\n<\/span><\/p>\n<p style=\"text-align: justify;\"><a class=\"aligncenter\" title=\"\u010cerven\u00e1 skala\" href=\"http:\/\/www.cykloklubpodbiel.sk\/?page_id=3626\" target=\"_blank\">&#8230;cel\u00fd \u010dl\u00e1nok <\/a><\/p>\n<\/div>\n","protected":false},"excerpt":{"rendered":"<p>V sobotu 5.m\u00e1ja 2012 n\u00e1s \u010dakala prv\u00e1 brig\u00e1da v tomto roku. Pr\u00e1ce sme mali pripravenej naozaj ve\u013ea, preto je ve\u013ek\u00e1 \u0161koda, \u017ee niektor\u00ed \u010dlenovia nemaj\u00fa z\u00e1ujem o tak\u00fato \u010dinnos\u0165. No aj napriek tomu sme sa 7 \u010dlenovia r\u00e1no stretli a rozdelili si \u00falohy. Na\u0161ou hlavnou \u00falohou za kr\u00e1sneho slne\u010dn\u00e9ho po\u010dasia bolo osadi\u0165 strie\u0161ky na tri [&hellip;]<\/p>\n","protected":false},"author":1,"featured_media":0,"comment_status":"open","ping_status":"open","sticky":false,"template":"","format":"standard","meta":{"advgb_blocks_editor_width":"","advgb_blocks_columns_visual_guide":"","ngg_post_thumbnail":0},"categories":[1],"tags":[],"author_meta":{"display_name":"\u013dubom\u00edr Franko","author_link":"https:\/\/www.cykloklubpodbiel.sk\/?author=1"},"featured_img":null,"coauthors":[],"tax_additional":{"categories":{"linked":["<a href=\"https:\/\/www.cykloklubpodbiel.sk\/?cat=1\" class=\"advgb-post-tax-term\">Arch\u00edv<\/a>"],"unlinked":["<span class=\"advgb-post-tax-term\">Arch\u00edv<\/span>"]}},"comment_count":"0","relative_dates":{"created":"Posted 14 years ago","modified":"Updated 14 years ago"},"absolute_dates":{"created":"Posted on 12. M\u00e1j 2012","modified":"Updated on 12. M\u00e1j 2012"},"absolute_dates_time":{"created":"Posted on 12. M\u00e1j 2012 20:33","modified":"Updated on 12. M\u00e1j 2012 20:33"},"featured_img_caption":"","series_order":"","_links":{"self":[{"href":"https:\/\/www.cykloklubpodbiel.sk\/index.php?rest_route=\/wp\/v2\/posts\/3624"}],"collection":[{"href":"https:\/\/www.cykloklubpodbiel.sk\/index.php?rest_route=\/wp\/v2\/posts"}],"about":[{"href":"https:\/\/www.cykloklubpodbiel.sk\/index.php?rest_route=\/wp\/v2\/types\/post"}],"author":[{"embeddable":true,"href":"https:\/\/www.cykloklubpodbiel.sk\/index.php?rest_route=\/wp\/v2\/users\/1"}],"replies":[{"embeddable":true,"href":"https:\/\/www.cykloklubpodbiel.sk\/index.php?rest_route=%2Fwp%2Fv2%2Fcomments&post=3624"}],"version-history":[{"count":11,"href":"https:\/\/www.cykloklubpodbiel.sk\/index.php?rest_route=\/wp\/v2\/posts\/3624\/revisions"}],"predecessor-version":[{"id":3657,"href":"https:\/\/www.cykloklubpodbiel.sk\/index.php?rest_route=\/wp\/v2\/posts\/3624\/revisions\/3657"}],"wp:attachment":[{"href":"https:\/\/www.cykloklubpodbiel.sk\/index.php?rest_route=%2Fwp%2Fv2%2Fmedia&parent=3624"}],"wp:term":[{"taxonomy":"category","embeddable":true,"href":"https:\/\/www.cykloklubpodbiel.sk\/index.php?rest_route=%2Fwp%2Fv2%2Fcategories&post=3624"},{"taxonomy":"post_tag","embeddable":true,"href":"https:\/\/www.cykloklubpodbiel.sk\/index.php?rest_route=%2Fwp%2Fv2%2Ftags&post=3624"}],"curies":[{"name":"wp","href":"https:\/\/api.w.org\/{rel}","templated":true}]}}