{"id":3517,"date":"2012-04-29T09:25:24","date_gmt":"2012-04-29T08:25:24","guid":{"rendered":"http:\/\/www.cykloklubpodbiel.sk\/?p=3517"},"modified":"2012-05-04T13:17:45","modified_gmt":"2012-05-04T12:17:45","slug":"opekacka-na-petrovke-2","status":"publish","type":"post","link":"https:\/\/www.cykloklubpodbiel.sk\/?p=3517","title":{"rendered":"opeka\u010dka na Petrovke"},"content":{"rendered":"<div class=\"mceTemp\">\n<div class=\"mceTemp\"><\/div>\n<div id=\"attachment_199\" style=\"width: 309px\" class=\"wp-caption alignleft\"><a href=\"http:\/\/www.cykloklubpodbiel.sk\/wp-content\/uploads\/2012\/04\/petrovka.jpg\"><strong><img aria-describedby=\"caption-attachment-199\" loading=\"lazy\" class=\"size-medium wp-image-199\" title=\"Spolo\u010dn\u00e9 foto pri pr\u00edstre\u0161ku na Petrovke\" src=\"http:\/\/www.cykloklubpodbiel.sk\/wp-content\/uploads\/2012\/04\/t_petrovka.jpg\" alt=\"Petrovka\" width=\"299\" height=\"199\" \/><\/strong><\/a><p id=\"caption-attachment-199\" class=\"wp-caption-text\">Spolo\u010dn\u00e9 foto pri pr\u00edstre\u0161ku na Petrovke<\/p><\/div>\n<p><strong>\u00a0<\/strong><strong>V<\/strong> nede\u013eu<span style=\"color: #000000;\"> <span style=\"color: #ff0000;\"><strong>22.4.2012<\/strong><\/span><\/span> sme sa vybrali na druh\u00fa pe\u0161iu t\u00faru v tomto roku. R\u00e1no n\u00e1s pr\u00edjemne priv\u00edtalo slne\u010dn\u00e9 jarn\u00e9 po\u010dasie. Zbalili sme si desiatu, klob\u00e1sky a hor sa na zdol\u00e1vanie prv\u00fdch kilometrov. Za\u010diatok n\u00e1s v\u0161etk\u00fdch potr\u00e1pil, preto\u017ee trasa za\u010dala do strm\u00e9ho kopca. S \u00fasmevom na per\u00e1ch sme to zvl\u00e1dli. N\u00e1ladu n\u00e1m spr\u00edjem\u0148ovali jarn\u00e9 kvietky, ktor\u00e9 sme zbierali do papierov\u00fdch vrec\u00fa\u0161ok na \u010daj. Po nieko\u013ek\u00fdch prest\u00e1vkach, kde sme sa ob\u010derstvili a\u00a0pofotili, sme u\u017e boli na Petrovke. Obloha bola vyjasnen\u00e1 a mohli sme sa kocha\u0165 v\u00fdh\u013eadom na Z\u00e1padn\u00e9 Tatry. Dolu Petrovkou n\u00e1s&#8230;<span style=\"color: #000000;\"><br \/>\n<\/span><\/p>\n<p style=\"text-align: justify;\"><a class=\"aligncenter\" title=\"Petrovka\" href=\"http:\/\/www.cykloklubpodbiel.sk\/?page_id=3522\" target=\"_blank\">&#8230;cel\u00fd \u010dl\u00e1nok <\/a><\/p>\n<\/div>\n","protected":false},"excerpt":{"rendered":"<p>\u00a0V nede\u013eu 22.4.2012 sme sa vybrali na druh\u00fa pe\u0161iu t\u00faru v tomto roku. R\u00e1no n\u00e1s pr\u00edjemne priv\u00edtalo slne\u010dn\u00e9 jarn\u00e9 po\u010dasie. Zbalili sme si desiatu, klob\u00e1sky a hor sa na zdol\u00e1vanie prv\u00fdch kilometrov. Za\u010diatok n\u00e1s v\u0161etk\u00fdch potr\u00e1pil, preto\u017ee trasa za\u010dala do strm\u00e9ho kopca. S \u00fasmevom na per\u00e1ch sme to zvl\u00e1dli. N\u00e1ladu n\u00e1m spr\u00edjem\u0148ovali jarn\u00e9 kvietky, ktor\u00e9 [&hellip;]<\/p>\n","protected":false},"author":1,"featured_media":0,"comment_status":"open","ping_status":"open","sticky":false,"template":"","format":"standard","meta":{"advgb_blocks_editor_width":"","advgb_blocks_columns_visual_guide":"","ngg_post_thumbnail":0},"categories":[1],"tags":[],"author_meta":{"display_name":"\u013dubom\u00edr Franko","author_link":"https:\/\/www.cykloklubpodbiel.sk\/?author=1"},"featured_img":null,"coauthors":[],"tax_additional":{"categories":{"linked":["<a href=\"https:\/\/www.cykloklubpodbiel.sk\/?cat=1\" class=\"advgb-post-tax-term\">Arch\u00edv<\/a>"],"unlinked":["<span class=\"advgb-post-tax-term\">Arch\u00edv<\/span>"]}},"comment_count":"0","relative_dates":{"created":"Posted 14 years ago","modified":"Updated 14 years ago"},"absolute_dates":{"created":"Posted on 29. Apr\u00edl 2012","modified":"Updated on 4. M\u00e1j 2012"},"absolute_dates_time":{"created":"Posted on 29. Apr\u00edl 2012 9:25","modified":"Updated on 4. M\u00e1j 2012 13:17"},"featured_img_caption":"","series_order":"","_links":{"self":[{"href":"https:\/\/www.cykloklubpodbiel.sk\/index.php?rest_route=\/wp\/v2\/posts\/3517"}],"collection":[{"href":"https:\/\/www.cykloklubpodbiel.sk\/index.php?rest_route=\/wp\/v2\/posts"}],"about":[{"href":"https:\/\/www.cykloklubpodbiel.sk\/index.php?rest_route=\/wp\/v2\/types\/post"}],"author":[{"embeddable":true,"href":"https:\/\/www.cykloklubpodbiel.sk\/index.php?rest_route=\/wp\/v2\/users\/1"}],"replies":[{"embeddable":true,"href":"https:\/\/www.cykloklubpodbiel.sk\/index.php?rest_route=%2Fwp%2Fv2%2Fcomments&post=3517"}],"version-history":[{"count":21,"href":"https:\/\/www.cykloklubpodbiel.sk\/index.php?rest_route=\/wp\/v2\/posts\/3517\/revisions"}],"predecessor-version":[{"id":3566,"href":"https:\/\/www.cykloklubpodbiel.sk\/index.php?rest_route=\/wp\/v2\/posts\/3517\/revisions\/3566"}],"wp:attachment":[{"href":"https:\/\/www.cykloklubpodbiel.sk\/index.php?rest_route=%2Fwp%2Fv2%2Fmedia&parent=3517"}],"wp:term":[{"taxonomy":"category","embeddable":true,"href":"https:\/\/www.cykloklubpodbiel.sk\/index.php?rest_route=%2Fwp%2Fv2%2Fcategories&post=3517"},{"taxonomy":"post_tag","embeddable":true,"href":"https:\/\/www.cykloklubpodbiel.sk\/index.php?rest_route=%2Fwp%2Fv2%2Ftags&post=3517"}],"curies":[{"name":"wp","href":"https:\/\/api.w.org\/{rel}","templated":true}]}}