{"id":3469,"date":"2012-04-11T18:25:57","date_gmt":"2012-04-11T17:25:57","guid":{"rendered":"http:\/\/www.cykloklubpodbiel.sk\/?p=3469"},"modified":"2012-04-11T19:54:56","modified_gmt":"2012-04-11T18:54:56","slug":"prechod-ostrazica-cervena-skala","status":"publish","type":"post","link":"https:\/\/www.cykloklubpodbiel.sk\/?p=3469","title":{"rendered":"prechod Ostra\u017eica-\u010cerven\u00e1 skala"},"content":{"rendered":"<div class=\"mceTemp\">\n<div class=\"mceTemp\"><\/div>\n<div id=\"attachment_199\" style=\"width: 309px\" class=\"wp-caption alignleft\"><a href=\"http:\/\/www.cykloklubpodbiel.sk\/wp-content\/uploads\/2012\/04\/ostrazica.jpg\"><strong><img aria-describedby=\"caption-attachment-199\" loading=\"lazy\" class=\"size-medium wp-image-199\" title=\"Spolo\u010dn\u00e9 foto na vrchole Ostra\u017eice\" src=\"http:\/\/www.cykloklubpodbiel.sk\/wp-content\/uploads\/2012\/04\/t_ostrazica.jpg\" alt=\"Ostra\u017eica\" width=\"299\" height=\"199\" \/><\/strong><\/a><p id=\"caption-attachment-199\" class=\"wp-caption-text\">Spolo\u010dn\u00e9 foto na vrchole Ostra\u017eice<\/p><\/div>\n<p><span style=\"color: #000000;\"><strong>\u00a0\u00a0 N<\/strong>a ve\u013ekono\u010dn\u00fa nede\u013eu d\u0148a<\/span> <span style=\"color: #ff0000;\"><strong>8.apr\u00edla 2012<\/strong><\/span> <span style=\"color: #000000;\">mali podbielansk\u00ed cykloturisti napl\u00e1novan\u00fa prv\u00fa jarn\u00fa pe\u0161iu t\u00faru. Zobudili sme sa do zasne\u017een\u00e9ho r\u00e1na. Apr\u00edlov\u00e9 po\u010dasie sa s nami zahralo, najprv sne\u017eilo a nesk\u00f4r prekuklo slnie\u010dko. \u00da\u010dastn\u00edkov nebolo ve\u013ea, av\u0161ak cestou sa prid\u00e1vali oneskorenci. Cesta bola pr\u00edjemn\u00e1, spod pra\u0161anu prekuk\u00e1vali aj prv\u00e9 jarn\u00e9 kvietky. Na vrchole <em>Ostra\u017eice<\/em> sme si spravili nieko\u013eko fotiek pri novom ni\u017e\u0148anskom dvojkr\u00ed\u017ei, ktor\u00fd je ve\u010der osvetlen\u00fd ledkov\u00fdm syst\u00e9mom. Dlho sme sa nezdr\u017eali z d\u00f4vodu \u013eadov\u00e9ho vetra. Pri zostupe z Ostra\u017eice n\u00e1s prekvapili&#8230;<br \/>\n<\/span><\/p>\n<p style=\"text-align: justify;\"><a class=\"aligncenter\" title=\"Ostra\u017eica\" href=\"http:\/\/www.cykloklubpodbiel.sk\/?page_id=3475\" target=\"_blank\">&#8230;cel\u00fd \u010dl\u00e1nok <\/a><\/p>\n<\/div>\n","protected":false},"excerpt":{"rendered":"<p>\u00a0\u00a0 Na ve\u013ekono\u010dn\u00fa nede\u013eu d\u0148a 8.apr\u00edla 2012 mali podbielansk\u00ed cykloturisti napl\u00e1novan\u00fa prv\u00fa jarn\u00fa pe\u0161iu t\u00faru. Zobudili sme sa do zasne\u017een\u00e9ho r\u00e1na. Apr\u00edlov\u00e9 po\u010dasie sa s nami zahralo, najprv sne\u017eilo a nesk\u00f4r prekuklo slnie\u010dko. \u00da\u010dastn\u00edkov nebolo ve\u013ea, av\u0161ak cestou sa prid\u00e1vali oneskorenci. Cesta bola pr\u00edjemn\u00e1, spod pra\u0161anu prekuk\u00e1vali aj prv\u00e9 jarn\u00e9 kvietky. Na vrchole Ostra\u017eice sme [&hellip;]<\/p>\n","protected":false},"author":1,"featured_media":0,"comment_status":"open","ping_status":"open","sticky":false,"template":"","format":"standard","meta":{"advgb_blocks_editor_width":"","advgb_blocks_columns_visual_guide":"","ngg_post_thumbnail":0},"categories":[1],"tags":[],"author_meta":{"display_name":"\u013dubom\u00edr Franko","author_link":"https:\/\/www.cykloklubpodbiel.sk\/?author=1"},"featured_img":null,"coauthors":[],"tax_additional":{"categories":{"linked":["<a href=\"https:\/\/www.cykloklubpodbiel.sk\/?cat=1\" class=\"advgb-post-tax-term\">Arch\u00edv<\/a>"],"unlinked":["<span class=\"advgb-post-tax-term\">Arch\u00edv<\/span>"]}},"comment_count":"0","relative_dates":{"created":"Posted 14 years ago","modified":"Updated 14 years ago"},"absolute_dates":{"created":"Posted on 11. Apr\u00edl 2012","modified":"Updated on 11. Apr\u00edl 2012"},"absolute_dates_time":{"created":"Posted on 11. Apr\u00edl 2012 18:25","modified":"Updated on 11. Apr\u00edl 2012 19:54"},"featured_img_caption":"","series_order":"","_links":{"self":[{"href":"https:\/\/www.cykloklubpodbiel.sk\/index.php?rest_route=\/wp\/v2\/posts\/3469"}],"collection":[{"href":"https:\/\/www.cykloklubpodbiel.sk\/index.php?rest_route=\/wp\/v2\/posts"}],"about":[{"href":"https:\/\/www.cykloklubpodbiel.sk\/index.php?rest_route=\/wp\/v2\/types\/post"}],"author":[{"embeddable":true,"href":"https:\/\/www.cykloklubpodbiel.sk\/index.php?rest_route=\/wp\/v2\/users\/1"}],"replies":[{"embeddable":true,"href":"https:\/\/www.cykloklubpodbiel.sk\/index.php?rest_route=%2Fwp%2Fv2%2Fcomments&post=3469"}],"version-history":[{"count":10,"href":"https:\/\/www.cykloklubpodbiel.sk\/index.php?rest_route=\/wp\/v2\/posts\/3469\/revisions"}],"predecessor-version":[{"id":3498,"href":"https:\/\/www.cykloklubpodbiel.sk\/index.php?rest_route=\/wp\/v2\/posts\/3469\/revisions\/3498"}],"wp:attachment":[{"href":"https:\/\/www.cykloklubpodbiel.sk\/index.php?rest_route=%2Fwp%2Fv2%2Fmedia&parent=3469"}],"wp:term":[{"taxonomy":"category","embeddable":true,"href":"https:\/\/www.cykloklubpodbiel.sk\/index.php?rest_route=%2Fwp%2Fv2%2Fcategories&post=3469"},{"taxonomy":"post_tag","embeddable":true,"href":"https:\/\/www.cykloklubpodbiel.sk\/index.php?rest_route=%2Fwp%2Fv2%2Ftags&post=3469"}],"curies":[{"name":"wp","href":"https:\/\/api.w.org\/{rel}","templated":true}]}}