{"id":3434,"date":"2012-04-03T20:12:24","date_gmt":"2012-04-03T19:12:24","guid":{"rendered":"http:\/\/www.cykloklubpodbiel.sk\/?p=3434"},"modified":"2012-04-03T21:12:44","modified_gmt":"2012-04-03T20:12:44","slug":"prechod-erdutky-or-lesna","status":"publish","type":"post","link":"https:\/\/www.cykloklubpodbiel.sk\/?p=3434","title":{"rendered":"prechod Erd\u00fatky Or. Lesn\u00e1"},"content":{"rendered":"<div class=\"mceTemp\">\n<div class=\"mceTemp\"><span style=\"font-size: x-small;\"> <\/span><\/div>\n<div id=\"attachment_199\" style=\"width: 309px\" class=\"wp-caption alignleft\"><a href=\"http:\/\/www.cykloklubpodbiel.sk\/wp-content\/uploads\/2012\/03\/orlesna.jpg\"><strong><img aria-describedby=\"caption-attachment-199\" loading=\"lazy\" class=\"size-medium wp-image-199\" title=\"Spolo\u010dn\u00e9 foto pri ob\u010derstven\u00ed s ni\u017eniansk\u00fdmi turistami\" src=\"http:\/\/www.cykloklubpodbiel.sk\/wp-content\/uploads\/2012\/03\/t_orlesna.jpg\" alt=\"Oravsk\u00e1 Lesn\u00e1\" width=\"299\" height=\"199\" \/><\/strong><\/a><p id=\"caption-attachment-199\" class=\"wp-caption-text\">Spolo\u010dn\u00e9 foto pri ob\u010derstven\u00ed s ni\u017eniansk\u00fdmi turistami<\/p><\/div>\n<p><span style=\"color: #000000;\"><span style=\"color: #000000;\"><strong>A<\/strong> pri\u0161la sobota <\/span><span style=\"color: #ff0000;\"><strong>10.marca 2012<\/strong><\/span> <span style=\"color: #000000;\">a n\u00e1s \u010dakala posledn\u00e1 a z\u00e1rove\u0148 najvzdialenej\u0161ia ly\u017eiarsko-turistick\u00e1 akcia v Oravskej Lesnej. U\u017e r\u00e1no nazna\u010dovalo, \u017ee po\u010dasie bude \u010fal\u0161\u00edm na\u0161im kamar\u00e1tom. Po pr\u00edchode n\u00e1s tro\u0161ku zasko\u010dilo zv\u00fd\u0161en\u00e9 \u0161tartovn\u00e9. No po prvom bolestnom sme na to zabudli. Tra\u0165 oproti minul\u00fdm rokom trochu pozmenili pre predch\u00e1dzaj\u00face povodne. Tak sme sa pobrali najkrat\u0161ou cestou na vlek vysk\u00fa\u0161a\u0165 si techniku. Pe\u0165o bol z toho zasko\u010den\u00fd. Chodieval prv\u00fd a zrazu bol posledn\u00fd. Po malom pohosten\u00ed n\u00e1s seda\u010dkovou lanovkou vyviezli na vrchol. Tra\u0165 tu bola&#8230;<\/span><\/span><span style=\"color: #000000;\"> <\/span><\/p>\n<p style=\"text-align: justify;\"><a class=\"aligncenter\" title=\"Oravsk\u00e1 Lesn\u00e1\" href=\"http:\/\/www.cykloklubpodbiel.sk\/?page_id=3440\" target=\"_blank\">&#8230;cel\u00fd \u010dl\u00e1nok <\/a><\/p>\n<\/div>\n","protected":false},"excerpt":{"rendered":"<p>A pri\u0161la sobota 10.marca 2012 a n\u00e1s \u010dakala posledn\u00e1 a z\u00e1rove\u0148 najvzdialenej\u0161ia ly\u017eiarsko-turistick\u00e1 akcia v Oravskej Lesnej. U\u017e r\u00e1no nazna\u010dovalo, \u017ee po\u010dasie bude \u010fal\u0161\u00edm na\u0161im kamar\u00e1tom. Po pr\u00edchode n\u00e1s tro\u0161ku zasko\u010dilo zv\u00fd\u0161en\u00e9 \u0161tartovn\u00e9. No po prvom bolestnom sme na to zabudli. Tra\u0165 oproti minul\u00fdm rokom trochu pozmenili pre predch\u00e1dzaj\u00face povodne. Tak sme sa pobrali najkrat\u0161ou [&hellip;]<\/p>\n","protected":false},"author":1,"featured_media":0,"comment_status":"open","ping_status":"open","sticky":false,"template":"","format":"standard","meta":{"advgb_blocks_editor_width":"","advgb_blocks_columns_visual_guide":"","ngg_post_thumbnail":0},"categories":[1],"tags":[],"author_meta":{"display_name":"\u013dubom\u00edr Franko","author_link":"https:\/\/www.cykloklubpodbiel.sk\/?author=1"},"featured_img":null,"coauthors":[],"tax_additional":{"categories":{"linked":["<a href=\"https:\/\/www.cykloklubpodbiel.sk\/?cat=1\" class=\"advgb-post-tax-term\">Arch\u00edv<\/a>"],"unlinked":["<span class=\"advgb-post-tax-term\">Arch\u00edv<\/span>"]}},"comment_count":"0","relative_dates":{"created":"Posted 14 years ago","modified":"Updated 14 years ago"},"absolute_dates":{"created":"Posted on 3. Apr\u00edl 2012","modified":"Updated on 3. Apr\u00edl 2012"},"absolute_dates_time":{"created":"Posted on 3. Apr\u00edl 2012 20:12","modified":"Updated on 3. Apr\u00edl 2012 21:12"},"featured_img_caption":"","series_order":"","_links":{"self":[{"href":"https:\/\/www.cykloklubpodbiel.sk\/index.php?rest_route=\/wp\/v2\/posts\/3434"}],"collection":[{"href":"https:\/\/www.cykloklubpodbiel.sk\/index.php?rest_route=\/wp\/v2\/posts"}],"about":[{"href":"https:\/\/www.cykloklubpodbiel.sk\/index.php?rest_route=\/wp\/v2\/types\/post"}],"author":[{"embeddable":true,"href":"https:\/\/www.cykloklubpodbiel.sk\/index.php?rest_route=\/wp\/v2\/users\/1"}],"replies":[{"embeddable":true,"href":"https:\/\/www.cykloklubpodbiel.sk\/index.php?rest_route=%2Fwp%2Fv2%2Fcomments&post=3434"}],"version-history":[{"count":9,"href":"https:\/\/www.cykloklubpodbiel.sk\/index.php?rest_route=\/wp\/v2\/posts\/3434\/revisions"}],"predecessor-version":[{"id":3459,"href":"https:\/\/www.cykloklubpodbiel.sk\/index.php?rest_route=\/wp\/v2\/posts\/3434\/revisions\/3459"}],"wp:attachment":[{"href":"https:\/\/www.cykloklubpodbiel.sk\/index.php?rest_route=%2Fwp%2Fv2%2Fmedia&parent=3434"}],"wp:term":[{"taxonomy":"category","embeddable":true,"href":"https:\/\/www.cykloklubpodbiel.sk\/index.php?rest_route=%2Fwp%2Fv2%2Fcategories&post=3434"},{"taxonomy":"post_tag","embeddable":true,"href":"https:\/\/www.cykloklubpodbiel.sk\/index.php?rest_route=%2Fwp%2Fv2%2Ftags&post=3434"}],"curies":[{"name":"wp","href":"https:\/\/api.w.org\/{rel}","templated":true}]}}