{"id":3354,"date":"2012-03-23T21:47:38","date_gmt":"2012-03-23T20:47:38","guid":{"rendered":"http:\/\/www.cykloklubpodbiel.sk\/?p=3354"},"modified":"2012-03-24T21:56:06","modified_gmt":"2012-03-24T20:56:06","slug":"vi-rocnik-zakamenskym-grunom","status":"publish","type":"post","link":"https:\/\/www.cykloklubpodbiel.sk\/?p=3354","title":{"rendered":"VI.ro\u010dn\u00edk Z\u00e1kamensk\u00fdm Gr\u00fa\u0148om"},"content":{"rendered":"<div class=\"mceTemp\">\n<div class=\"mceTemp\"><span style=\"font-size: x-small;\"> <\/span><\/div>\n<div id=\"attachment_199\" style=\"width: 309px\" class=\"wp-caption alignleft\"><a href=\"http:\/\/www.cykloklubpodbiel.sk\/wp-content\/uploads\/2012\/02\/zakamene.jpg\"><strong><img aria-describedby=\"caption-attachment-199\" loading=\"lazy\" class=\"size-medium wp-image-199\" title=\"V zasne\u017eenom lese po\u010das prechodu\" src=\"http:\/\/www.cykloklubpodbiel.sk\/wp-content\/uploads\/2012\/02\/t_zakamene.jpg\" alt=\"Chlebnice\" width=\"299\" height=\"199\" \/><\/strong><\/a><p id=\"caption-attachment-199\" class=\"wp-caption-text\">V zasne\u017eenom lese po\u010das prechodu<\/p><\/div>\n<p><span style=\"color: #000000;\"><strong>D<\/strong>\u0148a<\/span> <strong><span style=\"color: #ff0000;\">18.febru\u00e1ra 2012<\/span><\/strong> <span style=\"color: #000000;\"><span style=\"color: #000000;\">sme sa z\u00fa\u010dastnili 6.ro\u010dn\u00edka Z\u00e1kamensk\u00fdm Gr\u00fa\u0148om. Z\u00a0Podbiela sme vyr\u00e1\u017eali okolo 8.00 hod. Na\u0161u klasick\u00fa zostavu obohatili d\u00e1my Z.Drg\u00e1\u0148ov\u00e1 a\u00a0J.Horsk\u00e1. Oproti minul\u00e9mu roku sme sa nemuseli ob\u00e1va\u0165 o\u00a0sneh,ktor\u00e9ho bolo obrovsk\u00e9 mno\u017estvo. Aj po\u010dasie bolo n\u00e1dhern\u00e9. Zaregistrovali sme sa a\u00a0vyrazili na 23 km okruh. Trasa bola ve\u013emi dobre pripraven\u00e1, aj sneh bol vyborn\u00fd. Padalo sa ako do perinky. Mierne st\u00fapania a\u00a0kr\u00e1tke zjazdy cez l\u00faky aj lesy, sme si v\u0161etci u\u017e\u00edvali pln\u00fdmi d\u00fa\u0161kami. Asi v\u00a0polovice trasy bolo pripraven\u00e9 ob\u010derstvenie, tepl\u00fd \u010daj&#8230; <\/span><br \/>\n<\/span><\/p>\n<p style=\"text-align: justify;\"><a class=\"aligncenter\" title=\"Z\u00e1kamensk\u00fdm Gr\u00fa\u0148om\" href=\"http:\/\/www.cykloklubpodbiel.sk\/?page_id=3356\" target=\"_blank\">&#8230;cel\u00fd \u010dl\u00e1nok <\/a><\/p>\n<\/div>\n","protected":false},"excerpt":{"rendered":"<p>D\u0148a 18.febru\u00e1ra 2012 sme sa z\u00fa\u010dastnili 6.ro\u010dn\u00edka Z\u00e1kamensk\u00fdm Gr\u00fa\u0148om. Z\u00a0Podbiela sme vyr\u00e1\u017eali okolo 8.00 hod. Na\u0161u klasick\u00fa zostavu obohatili d\u00e1my Z.Drg\u00e1\u0148ov\u00e1 a\u00a0J.Horsk\u00e1. Oproti minul\u00e9mu roku sme sa nemuseli ob\u00e1va\u0165 o\u00a0sneh,ktor\u00e9ho bolo obrovsk\u00e9 mno\u017estvo. Aj po\u010dasie bolo n\u00e1dhern\u00e9. Zaregistrovali sme sa a\u00a0vyrazili na 23 km okruh. Trasa bola ve\u013emi dobre pripraven\u00e1, aj sneh bol vyborn\u00fd. Padalo [&hellip;]<\/p>\n","protected":false},"author":1,"featured_media":0,"comment_status":"open","ping_status":"open","sticky":false,"template":"","format":"standard","meta":{"advgb_blocks_editor_width":"","advgb_blocks_columns_visual_guide":"","ngg_post_thumbnail":0},"categories":[1],"tags":[],"author_meta":{"display_name":"\u013dubom\u00edr Franko","author_link":"https:\/\/www.cykloklubpodbiel.sk\/?author=1"},"featured_img":null,"coauthors":[],"tax_additional":{"categories":{"linked":["<a href=\"https:\/\/www.cykloklubpodbiel.sk\/?cat=1\" class=\"advgb-post-tax-term\">Arch\u00edv<\/a>"],"unlinked":["<span class=\"advgb-post-tax-term\">Arch\u00edv<\/span>"]}},"comment_count":"0","relative_dates":{"created":"Posted 14 years ago","modified":"Updated 14 years ago"},"absolute_dates":{"created":"Posted on 23. Marec 2012","modified":"Updated on 24. Marec 2012"},"absolute_dates_time":{"created":"Posted on 23. Marec 2012 21:47","modified":"Updated on 24. Marec 2012 21:56"},"featured_img_caption":"","series_order":"","_links":{"self":[{"href":"https:\/\/www.cykloklubpodbiel.sk\/index.php?rest_route=\/wp\/v2\/posts\/3354"}],"collection":[{"href":"https:\/\/www.cykloklubpodbiel.sk\/index.php?rest_route=\/wp\/v2\/posts"}],"about":[{"href":"https:\/\/www.cykloklubpodbiel.sk\/index.php?rest_route=\/wp\/v2\/types\/post"}],"author":[{"embeddable":true,"href":"https:\/\/www.cykloklubpodbiel.sk\/index.php?rest_route=\/wp\/v2\/users\/1"}],"replies":[{"embeddable":true,"href":"https:\/\/www.cykloklubpodbiel.sk\/index.php?rest_route=%2Fwp%2Fv2%2Fcomments&post=3354"}],"version-history":[{"count":6,"href":"https:\/\/www.cykloklubpodbiel.sk\/index.php?rest_route=\/wp\/v2\/posts\/3354\/revisions"}],"predecessor-version":[{"id":3384,"href":"https:\/\/www.cykloklubpodbiel.sk\/index.php?rest_route=\/wp\/v2\/posts\/3354\/revisions\/3384"}],"wp:attachment":[{"href":"https:\/\/www.cykloklubpodbiel.sk\/index.php?rest_route=%2Fwp%2Fv2%2Fmedia&parent=3354"}],"wp:term":[{"taxonomy":"category","embeddable":true,"href":"https:\/\/www.cykloklubpodbiel.sk\/index.php?rest_route=%2Fwp%2Fv2%2Fcategories&post=3354"},{"taxonomy":"post_tag","embeddable":true,"href":"https:\/\/www.cykloklubpodbiel.sk\/index.php?rest_route=%2Fwp%2Fv2%2Ftags&post=3354"}],"curies":[{"name":"wp","href":"https:\/\/api.w.org\/{rel}","templated":true}]}}