{"id":3302,"date":"2012-03-05T17:49:31","date_gmt":"2012-03-05T16:49:31","guid":{"rendered":"http:\/\/www.cykloklubpodbiel.sk\/?p=3302"},"modified":"2012-03-05T19:49:46","modified_gmt":"2012-03-05T18:49:46","slug":"fasiangovy-prechod-na-starych-lyziach","status":"publish","type":"post","link":"https:\/\/www.cykloklubpodbiel.sk\/?p=3302","title":{"rendered":"Fa\u0161iangov\u00fd prechod na star\u00fdch ly\u017eiach"},"content":{"rendered":"<div class=\"mceTemp\">\n<div class=\"mceTemp\"><span style=\"font-size: x-small;\"> <\/span><\/div>\n<div id=\"attachment_199\" style=\"width: 309px\" class=\"wp-caption alignleft\"><a href=\"http:\/\/www.cykloklubpodbiel.sk\/wp-content\/uploads\/2012\/02\/starelyze.jpg\"><strong><img aria-describedby=\"caption-attachment-199\" loading=\"lazy\" class=\"size-medium wp-image-199\" title=\"\u00da\u010dastn\u00edci prechodu na star\u00fdch ly\u017eiach\" src=\"http:\/\/www.cykloklubpodbiel.sk\/wp-content\/uploads\/2012\/02\/t_starelyze.jpg\" alt=\"Podbiel\" width=\"299\" height=\"199\" \/><\/strong><\/a><p id=\"caption-attachment-199\" class=\"wp-caption-text\">\u00da\u010dastn\u00edci prechodu na star\u00fdch ly\u017eiach<\/p><\/div>\n<p><span style=\"color: #000000;\"><span style=\"color: #000000;\"><strong>A <\/strong><\/span><span style=\"color: #000000;\"><span style=\"color: #000000;\">je tu znova obdobie fa\u0161iangov, ktor\u00e9 je tradi\u010dn\u00fdm symbolom veselosti, hodovania a z\u00e1bavy. Preto aj my, turisti, sme si chceli pripomen\u00fa\u0165 t\u00fato trad\u00edciu, a tak sme napl\u00e1novali <\/span><strong><span style=\"color: #ff0000;\">12.febru\u00e1ra 2012<\/span><\/strong> <span style=\"color: #000000;\"><strong><em>0.ro\u010dn\u00edk Fa\u0161iangov\u00e9ho prechodu na star\u00fdch ly\u017eiach<\/em><\/strong>. Najsk\u00f4r sme z pov\u00e1l, pivn\u00edc a gar\u00e1\u017ei povy\u0165ahovali dlhoro\u010dne zazimovan\u00e9 dreven\u00e9 ly\u017ee. Tieto bolo treba zbavi\u0165 mnohoro\u010dn\u00e9ho prachu, v niektor\u00fdch pr\u00edpadoch aj osprchovan\u00edm, aby sme zistili ako sa na nich podp\u00edsal zub \u010dasu, alebo \u010dervoto\u010d. Ak pre\u0161li na\u0161ou technickou prehliadkou, po be\u017enej \u00fadr\u017ebe sme ich u\u017e len navoskovali&#8230;<\/span><\/span><\/span><span style=\"color: #000000;\"> <\/span><span style=\"color: #000000;\"> <\/span><\/p>\n<p style=\"text-align: justify;\"><a class=\"aligncenter\" title=\"Podbiel\" href=\"http:\/\/www.cykloklubpodbiel.sk\/?page_id=3310\" target=\"_blank\">&#8230;cel\u00fd \u010dl\u00e1nok <\/a><\/p>\n<\/div>\n","protected":false},"excerpt":{"rendered":"<p>A je tu znova obdobie fa\u0161iangov, ktor\u00e9 je tradi\u010dn\u00fdm symbolom veselosti, hodovania a z\u00e1bavy. Preto aj my, turisti, sme si chceli pripomen\u00fa\u0165 t\u00fato trad\u00edciu, a tak sme napl\u00e1novali 12.febru\u00e1ra 2012 0.ro\u010dn\u00edk Fa\u0161iangov\u00e9ho prechodu na star\u00fdch ly\u017eiach. Najsk\u00f4r sme z pov\u00e1l, pivn\u00edc a gar\u00e1\u017ei povy\u0165ahovali dlhoro\u010dne zazimovan\u00e9 dreven\u00e9 ly\u017ee. Tieto bolo treba zbavi\u0165 mnohoro\u010dn\u00e9ho prachu, v [&hellip;]<\/p>\n","protected":false},"author":1,"featured_media":0,"comment_status":"open","ping_status":"open","sticky":false,"template":"","format":"standard","meta":{"advgb_blocks_editor_width":"","advgb_blocks_columns_visual_guide":"","ngg_post_thumbnail":0},"categories":[1],"tags":[],"author_meta":{"display_name":"\u013dubom\u00edr Franko","author_link":"https:\/\/www.cykloklubpodbiel.sk\/?author=1"},"featured_img":null,"coauthors":[],"tax_additional":{"categories":{"linked":["<a href=\"https:\/\/www.cykloklubpodbiel.sk\/?cat=1\" class=\"advgb-post-tax-term\">Arch\u00edv<\/a>"],"unlinked":["<span class=\"advgb-post-tax-term\">Arch\u00edv<\/span>"]}},"comment_count":"0","relative_dates":{"created":"Posted 14 years ago","modified":"Updated 14 years ago"},"absolute_dates":{"created":"Posted on 5. Marec 2012","modified":"Updated on 5. Marec 2012"},"absolute_dates_time":{"created":"Posted on 5. Marec 2012 17:49","modified":"Updated on 5. Marec 2012 19:49"},"featured_img_caption":"","series_order":"","_links":{"self":[{"href":"https:\/\/www.cykloklubpodbiel.sk\/index.php?rest_route=\/wp\/v2\/posts\/3302"}],"collection":[{"href":"https:\/\/www.cykloklubpodbiel.sk\/index.php?rest_route=\/wp\/v2\/posts"}],"about":[{"href":"https:\/\/www.cykloklubpodbiel.sk\/index.php?rest_route=\/wp\/v2\/types\/post"}],"author":[{"embeddable":true,"href":"https:\/\/www.cykloklubpodbiel.sk\/index.php?rest_route=\/wp\/v2\/users\/1"}],"replies":[{"embeddable":true,"href":"https:\/\/www.cykloklubpodbiel.sk\/index.php?rest_route=%2Fwp%2Fv2%2Fcomments&post=3302"}],"version-history":[{"count":12,"href":"https:\/\/www.cykloklubpodbiel.sk\/index.php?rest_route=\/wp\/v2\/posts\/3302\/revisions"}],"predecessor-version":[{"id":4482,"href":"https:\/\/www.cykloklubpodbiel.sk\/index.php?rest_route=\/wp\/v2\/posts\/3302\/revisions\/4482"}],"wp:attachment":[{"href":"https:\/\/www.cykloklubpodbiel.sk\/index.php?rest_route=%2Fwp%2Fv2%2Fmedia&parent=3302"}],"wp:term":[{"taxonomy":"category","embeddable":true,"href":"https:\/\/www.cykloklubpodbiel.sk\/index.php?rest_route=%2Fwp%2Fv2%2Fcategories&post=3302"},{"taxonomy":"post_tag","embeddable":true,"href":"https:\/\/www.cykloklubpodbiel.sk\/index.php?rest_route=%2Fwp%2Fv2%2Ftags&post=3302"}],"curies":[{"name":"wp","href":"https:\/\/api.w.org\/{rel}","templated":true}]}}