{"id":3272,"date":"2012-03-03T17:35:02","date_gmt":"2012-03-03T16:35:02","guid":{"rendered":"http:\/\/www.cykloklubpodbiel.sk\/?p=3272"},"modified":"2012-03-04T08:27:57","modified_gmt":"2012-03-04T07:27:57","slug":"29-rocnik-chlebnicky-okruh","status":"publish","type":"post","link":"https:\/\/www.cykloklubpodbiel.sk\/?p=3272","title":{"rendered":"29.ro\u010dn\u00edk Chlebnick\u00fd okruh"},"content":{"rendered":"<div class=\"mceTemp\">\n<div class=\"mceTemp\"><span style=\"font-size: x-small;\"> <\/span><\/div>\n<div id=\"attachment_199\" style=\"width: 309px\" class=\"wp-caption alignleft\"><a href=\"http:\/\/www.cykloklubpodbiel.sk\/wp-content\/uploads\/2012\/02\/chlebnice.jpg\"><strong><img aria-describedby=\"caption-attachment-199\" loading=\"lazy\" class=\"size-medium wp-image-199\" title=\"Pa\u013eo s Vilom prech\u00e1dzaj\u00fa hrebe\u0148om ponad Chlebnice\" src=\"http:\/\/www.cykloklubpodbiel.sk\/wp-content\/uploads\/2012\/02\/t_chlebnice.jpg\" alt=\"Chlebnice\" width=\"299\" height=\"199\" \/><\/strong><\/a><p id=\"caption-attachment-199\" class=\"wp-caption-text\">Pa\u013eo s Vilom prech\u00e1dzaj\u00fa hrebe\u0148om ponad Chlebnice<\/p><\/div>\n<p><span style=\"color: #000000;\"><strong>D<\/strong>\u0148a<\/span> <strong><span style=\"color: #ff0000;\">11.febru\u00e1ra 2012<\/span><\/strong> <span style=\"color: #000000;\">sme sa za kr\u00e1sneho slne\u010dn\u00e9ho ale mraziv\u00e9ho po\u010dasia (-27\u00b0C), zi\u0161li v\u00a0Chlebniciach u\u017e na 29.ro\u010dn\u00edku \u201e<strong><em>Chlebnick\u00e9ho okruhu<\/em><\/strong>\u201c. R\u00e1no v\u00a0dedine obecn\u00fd rozhlas v\u00edtal \u00fa\u010dastn\u00edkov prechodu a\u00a0celou dedinou sa oz\u00fdvala pr\u00edjemn\u00e1 hudba. Z\u00a0kopca po prvom st\u00fapan\u00ed sme mali kr\u00e1sny v\u00fdh\u013ead na cel\u00fa dedinu <em>Chlebnice<\/em>. Prekvapila n\u00e1s n\u00e1dherne pripraven\u00e1 tra\u0165, ke\u010f be\u017eeck\u00e1 stopa bola vytvoren\u00e1 strojom. Mierne st\u00fapania sa striedali s\u00a0kr\u00e1tkymi zjazdmi, a\u017e sme sa pekn\u00fdm zasne\u017een\u00fdm lesom dostali a\u017e k\u00a0ob\u010derstveniu ku urb\u00e1rskej chate. Tu u\u017e do\u0161iroka&#8230;<\/span><\/p>\n<p style=\"text-align: justify;\"><a class=\"aligncenter\" title=\"Chlebnice\" href=\"http:\/\/www.cykloklubpodbiel.sk\/?page_id=3276\" target=\"_blank\">&#8230;cel\u00fd \u010dl\u00e1nok <\/a><\/p>\n<\/div>\n","protected":false},"excerpt":{"rendered":"<p>D\u0148a 11.febru\u00e1ra 2012 sme sa za kr\u00e1sneho slne\u010dn\u00e9ho ale mraziv\u00e9ho po\u010dasia (-27\u00b0C), zi\u0161li v\u00a0Chlebniciach u\u017e na 29.ro\u010dn\u00edku \u201eChlebnick\u00e9ho okruhu\u201c. R\u00e1no v\u00a0dedine obecn\u00fd rozhlas v\u00edtal \u00fa\u010dastn\u00edkov prechodu a\u00a0celou dedinou sa oz\u00fdvala pr\u00edjemn\u00e1 hudba. Z\u00a0kopca po prvom st\u00fapan\u00ed sme mali kr\u00e1sny v\u00fdh\u013ead na cel\u00fa dedinu Chlebnice. Prekvapila n\u00e1s n\u00e1dherne pripraven\u00e1 tra\u0165, ke\u010f be\u017eeck\u00e1 stopa bola vytvoren\u00e1 strojom. [&hellip;]<\/p>\n","protected":false},"author":1,"featured_media":0,"comment_status":"open","ping_status":"open","sticky":false,"template":"","format":"standard","meta":{"advgb_blocks_editor_width":"","advgb_blocks_columns_visual_guide":"","ngg_post_thumbnail":0},"categories":[1],"tags":[],"author_meta":{"display_name":"\u013dubom\u00edr Franko","author_link":"https:\/\/www.cykloklubpodbiel.sk\/?author=1"},"featured_img":null,"coauthors":[],"tax_additional":{"categories":{"linked":["<a href=\"https:\/\/www.cykloklubpodbiel.sk\/?cat=1\" class=\"advgb-post-tax-term\">Arch\u00edv<\/a>"],"unlinked":["<span class=\"advgb-post-tax-term\">Arch\u00edv<\/span>"]}},"comment_count":"0","relative_dates":{"created":"Posted 14 years ago","modified":"Updated 14 years ago"},"absolute_dates":{"created":"Posted on 3. Marec 2012","modified":"Updated on 4. Marec 2012"},"absolute_dates_time":{"created":"Posted on 3. Marec 2012 17:35","modified":"Updated on 4. Marec 2012 8:27"},"featured_img_caption":"","series_order":"","_links":{"self":[{"href":"https:\/\/www.cykloklubpodbiel.sk\/index.php?rest_route=\/wp\/v2\/posts\/3272"}],"collection":[{"href":"https:\/\/www.cykloklubpodbiel.sk\/index.php?rest_route=\/wp\/v2\/posts"}],"about":[{"href":"https:\/\/www.cykloklubpodbiel.sk\/index.php?rest_route=\/wp\/v2\/types\/post"}],"author":[{"embeddable":true,"href":"https:\/\/www.cykloklubpodbiel.sk\/index.php?rest_route=\/wp\/v2\/users\/1"}],"replies":[{"embeddable":true,"href":"https:\/\/www.cykloklubpodbiel.sk\/index.php?rest_route=%2Fwp%2Fv2%2Fcomments&post=3272"}],"version-history":[{"count":10,"href":"https:\/\/www.cykloklubpodbiel.sk\/index.php?rest_route=\/wp\/v2\/posts\/3272\/revisions"}],"predecessor-version":[{"id":3316,"href":"https:\/\/www.cykloklubpodbiel.sk\/index.php?rest_route=\/wp\/v2\/posts\/3272\/revisions\/3316"}],"wp:attachment":[{"href":"https:\/\/www.cykloklubpodbiel.sk\/index.php?rest_route=%2Fwp%2Fv2%2Fmedia&parent=3272"}],"wp:term":[{"taxonomy":"category","embeddable":true,"href":"https:\/\/www.cykloklubpodbiel.sk\/index.php?rest_route=%2Fwp%2Fv2%2Fcategories&post=3272"},{"taxonomy":"post_tag","embeddable":true,"href":"https:\/\/www.cykloklubpodbiel.sk\/index.php?rest_route=%2Fwp%2Fv2%2Ftags&post=3272"}],"curies":[{"name":"wp","href":"https:\/\/api.w.org\/{rel}","templated":true}]}}