{"id":3143,"date":"2012-02-07T18:37:38","date_gmt":"2012-02-07T17:37:38","guid":{"rendered":"http:\/\/www.cykloklubpodbiel.sk\/?p=3143"},"modified":"2012-02-07T18:37:38","modified_gmt":"2012-02-07T17:37:38","slug":"znacenie-podbielanskou-magurou","status":"publish","type":"post","link":"https:\/\/www.cykloklubpodbiel.sk\/?p=3143","title":{"rendered":"zna\u010denie Podbielanskou Magurou"},"content":{"rendered":"<div class=\"mceTemp\">\n<div class=\"mceTemp\"><span style=\"font-size: x-small;\"> <\/span><\/div>\n<div id=\"attachment_199\" style=\"width: 309px\" class=\"wp-caption alignleft\"><a href=\"http:\/\/www.cykloklubpodbiel.sk\/wp-content\/uploads\/2012\/01\/znaceniemagura1.jpg\"><strong><img aria-describedby=\"caption-attachment-199\" loading=\"lazy\" class=\"size-medium wp-image-199\" title=\"Po\u010das v\u00fdstupu na Petrovku\" src=\"http:\/\/www.cykloklubpodbiel.sk\/wp-content\/uploads\/2012\/01\/t_znaceniemagura1.jpg\" alt=\"Oravsk\u00e1 Magura\" width=\"299\" height=\"199\" \/><\/strong><\/a><p id=\"caption-attachment-199\" class=\"wp-caption-text\">Po\u010das v\u00fdstupu na Petrovku<\/p><\/div>\n<p><span style=\"color: #000000;\"><strong>R<\/strong>\u00e1no<\/span> <span style=\"color: #ff0000;\"><strong>28.janu\u00e1ra<\/strong><\/span><span style=\"color: #000000;\"> <span style=\"color: #000000;\"><strong><span style=\"color: #ff0000;\">2012<\/span><\/strong> sme sa vybrali pre\u0161\u013eapa\u0165 a ozna\u010di\u0165 tra\u0165 na u\u017e <em>26.ro\u010dn\u00edk<\/em> <em><strong>Podbielanskej Magury<\/strong><\/em>. Bol poriadny mr\u00e1z, okolo -18\u00b0C, no svietilo slnko. U\u017e prv\u00e9 metre, prv\u00e9 st\u00fapanie v hlbokom snehu bolo dos\u0165 n\u00e1ro\u010dn\u00e9.\u00a0 \u010c\u00edm sme sa dost\u00e1vali do vy\u0161\u0161ej nadmorskej v\u00fd\u0161ky, t\u00fdm bolo teplej\u0161ie a u\u017e nad <em>\u010cervenou skalou<\/em> sme zhadzovali prv\u00e9 vetrovky.\u00a0 Pre P.\u0160imka to bola prv\u00e1 dlh\u0161ia tra\u0165, no bojoval a zvl\u00e1dal to ve\u013emi \u013eahko. Pod <em>Lu\u010divn\u00fdm<\/em> sme si trochu odd\u00fdchli a pokra\u010dovali sme \u010fal\u0161\u00edm strm\u00fdm kopcom, cez ktor\u00fd sme si museli vyseka\u0165 cesti\u010dku. Mno\u017estvo snehu, na ktor\u00fd je tohtoro\u010dn\u00e1&#8230;<\/span><\/span><span style=\"color: #000000;\"><span style=\"color: #000000;\"><span style=\"color: #000000;\"> <\/span><\/span><span style=\"color: #000000;\"> <\/span> <\/span><\/p>\n<p style=\"text-align: justify;\"><a class=\"aligncenter\" title=\"Dubovsk\u00fdm chot\u00e1rom\" href=\"http:\/\/www.cykloklubpodbiel.sk\/?page_id=3145\" target=\"_blank\">&#8230;cel\u00fd \u010dl\u00e1nok <\/a><\/p>\n<\/div>\n","protected":false},"excerpt":{"rendered":"<p>R\u00e1no 28.janu\u00e1ra 2012 sme sa vybrali pre\u0161\u013eapa\u0165 a ozna\u010di\u0165 tra\u0165 na u\u017e 26.ro\u010dn\u00edk Podbielanskej Magury. Bol poriadny mr\u00e1z, okolo -18\u00b0C, no svietilo slnko. U\u017e prv\u00e9 metre, prv\u00e9 st\u00fapanie v hlbokom snehu bolo dos\u0165 n\u00e1ro\u010dn\u00e9.\u00a0 \u010c\u00edm sme sa dost\u00e1vali do vy\u0161\u0161ej nadmorskej v\u00fd\u0161ky, t\u00fdm bolo teplej\u0161ie a u\u017e nad \u010cervenou skalou sme zhadzovali prv\u00e9 vetrovky.\u00a0 Pre [&hellip;]<\/p>\n","protected":false},"author":1,"featured_media":0,"comment_status":"open","ping_status":"open","sticky":false,"template":"","format":"standard","meta":{"advgb_blocks_editor_width":"","advgb_blocks_columns_visual_guide":"","ngg_post_thumbnail":0},"categories":[1],"tags":[],"author_meta":{"display_name":"\u013dubom\u00edr Franko","author_link":"https:\/\/www.cykloklubpodbiel.sk\/?author=1"},"featured_img":null,"coauthors":[],"tax_additional":{"categories":{"linked":["<a href=\"https:\/\/www.cykloklubpodbiel.sk\/?cat=1\" class=\"advgb-post-tax-term\">Arch\u00edv<\/a>"],"unlinked":["<span class=\"advgb-post-tax-term\">Arch\u00edv<\/span>"]}},"comment_count":"0","relative_dates":{"created":"Posted 14 years ago","modified":"Updated 14 years ago"},"absolute_dates":{"created":"Posted on 7. Febru\u00e1r 2012","modified":"Updated on 7. Febru\u00e1r 2012"},"absolute_dates_time":{"created":"Posted on 7. Febru\u00e1r 2012 18:37","modified":"Updated on 7. Febru\u00e1r 2012 18:37"},"featured_img_caption":"","series_order":"","_links":{"self":[{"href":"https:\/\/www.cykloklubpodbiel.sk\/index.php?rest_route=\/wp\/v2\/posts\/3143"}],"collection":[{"href":"https:\/\/www.cykloklubpodbiel.sk\/index.php?rest_route=\/wp\/v2\/posts"}],"about":[{"href":"https:\/\/www.cykloklubpodbiel.sk\/index.php?rest_route=\/wp\/v2\/types\/post"}],"author":[{"embeddable":true,"href":"https:\/\/www.cykloklubpodbiel.sk\/index.php?rest_route=\/wp\/v2\/users\/1"}],"replies":[{"embeddable":true,"href":"https:\/\/www.cykloklubpodbiel.sk\/index.php?rest_route=%2Fwp%2Fv2%2Fcomments&post=3143"}],"version-history":[{"count":11,"href":"https:\/\/www.cykloklubpodbiel.sk\/index.php?rest_route=\/wp\/v2\/posts\/3143\/revisions"}],"predecessor-version":[{"id":3183,"href":"https:\/\/www.cykloklubpodbiel.sk\/index.php?rest_route=\/wp\/v2\/posts\/3143\/revisions\/3183"}],"wp:attachment":[{"href":"https:\/\/www.cykloklubpodbiel.sk\/index.php?rest_route=%2Fwp%2Fv2%2Fmedia&parent=3143"}],"wp:term":[{"taxonomy":"category","embeddable":true,"href":"https:\/\/www.cykloklubpodbiel.sk\/index.php?rest_route=%2Fwp%2Fv2%2Fcategories&post=3143"},{"taxonomy":"post_tag","embeddable":true,"href":"https:\/\/www.cykloklubpodbiel.sk\/index.php?rest_route=%2Fwp%2Fv2%2Ftags&post=3143"}],"curies":[{"name":"wp","href":"https:\/\/api.w.org\/{rel}","templated":true}]}}